{"id":15946,"date":"2026-03-31T15:14:05","date_gmt":"2026-03-31T15:14:05","guid":{"rendered":"https:\/\/sla-basel.ch\/?p=15946"},"modified":"2026-03-31T15:14:05","modified_gmt":"2026-03-31T15:14:05","slug":"mit-samstagskurs-flexibel-und-sicher-zum-sprachziel","status":"publish","type":"post","link":"https:\/\/sla-basel.ch\/en\/mit-samstagskurs-flexibel-und-sicher-zum-sprachziel\/","title":{"rendered":"Mit dem Samstagskurs in Basel flexibel und sicher zum Sprachziel"},"content":{"rendered":"<p><span style=\"font-weight: 400;\">Deutsch zu lernen ist f\u00fcr viele Menschen ein wichtiger Schritt. Gute Sprachkenntnisse helfen im Alltag, im Beruf und bei der Integration. Gleichzeitig ist es oft nicht leicht, einen passenden Samstagskurs zu finden, der sich mit Arbeit, Familie und anderen Verpflichtungen vereinbaren l\u00e4sst. Genau hier bieten Samstagskurse eine besonders praktische L\u00f6sung. Wer unter der Woche wenig Zeit hat, kann am Wochenende in ruhiger und konzentrierter Atmosph\u00e4re Deutsch lernen und dabei Schritt f\u00fcr Schritt seine Sprachziele erreichen.<\/span><\/p>\n<h2><b>Warum Samstagskurse f\u00fcr viele Lernende ideal sind<\/b><\/h2>\n<p><span style=\"font-weight: 400;\">Viele Erwachsene m\u00f6chten ihr Deutsch verbessern, stehen aber im Alltag unter Zeitdruck. Beruf, Kinder, Termine und organisatorische Aufgaben lassen unter der Woche oft wenig Raum f\u00fcr regelm\u00e4ssiges Lernen. Ein Deutschkurs am Samstag kann deshalb eine sehr gute Alternative sein.<\/span><\/p>\n<p><span style=\"font-weight: 400;\">Samstagskurse schaffen die M\u00f6glichkeit, Deutsch zu lernen, ohne den Wochenrhythmus zus\u00e4tzlich zu belasten. Wer werktags arbeitet oder famili\u00e4r stark eingebunden ist, profitiert von einem festen Kurstermin am Wochenende. So bleibt das Lernen planbar, ohne dass l\u00e4ngere Pausen entstehen. Gerade Regelm\u00e4ssigkeit ist beim Sprachenlernen entscheidend. Wer kontinuierlich \u00fcbt, baut Wissen sicherer auf und kann es langfristig besser anwenden.<\/span><\/p>\n<h2><b>Deutsch lernen in Basel: Die Vorteile eines Samstagskurses<\/b><\/h2>\n<p><span style=\"font-weight: 400;\">Ein Samstagskurs in Basel verbindet mehrere Vorteile. Einer der wichtigsten ist die klare Struktur. Wer einmal pro Woche zu einem festen Termin lernt, entwickelt leichter eine Routine. Diese Regelm\u00e4ssigkeit hilft dabei, das Lernen dauerhaft in den Alltag zu integrieren.<\/span><\/p>\n<p><span style=\"font-weight: 400;\">Hinzu kommt die motivierende Lernatmosph\u00e4re. Am Samstag sind viele Teilnehmende mit mehr Ruhe und Konzentration im Kurs als an einem langen Arbeitstag. Das f\u00f6rdert die aktive Mitarbeit und erleichtert es, sich auf neue Inhalte einzulassen. Gespr\u00e4che, \u00dcbungen und gemeinsames Lernen sorgen daf\u00fcr, dass die Sprache nicht nur theoretisch verstanden, sondern direkt praktisch angewendet wird.<\/span><\/p>\n<p><span style=\"font-weight: 400;\">Auch organisatorisch sind Samstagskurse f\u00fcr viele Lernende attraktiv. Sie lassen sich oft besser mit dem pers\u00f6nlichen Wochenplan verbinden als mehrere Kurstage unter der Woche. Wer in Basel lebt und seinen Alltag effizient organisieren muss, findet in einem Samstagskurs oft eine besonders realistische und nachhaltige Lernm\u00f6glichkeit.<\/span><\/p>\n<h2><b>F\u00fcr wen sich ein Deutschkurs am Samstag besonders lohnt<\/b><\/h2>\n<p><img fetchpriority=\"high\" decoding=\"async\" class=\"aligncenter wp-image-15948 size-full\" src=\"https:\/\/sla-basel.ch\/wp-content\/uploads\/2026\/03\/samstagskurs-2.jpg\" alt=\"samstagskurs\" width=\"940\" height=\"626\" srcset=\"https:\/\/sla-basel.ch\/wp-content\/uploads\/2026\/03\/samstagskurs-2.jpg 940w, https:\/\/sla-basel.ch\/wp-content\/uploads\/2026\/03\/samstagskurs-2-300x200.jpg 300w, https:\/\/sla-basel.ch\/wp-content\/uploads\/2026\/03\/samstagskurs-2-768x511.jpg 768w, https:\/\/sla-basel.ch\/wp-content\/uploads\/2026\/03\/samstagskurs-2-18x12.jpg 18w, https:\/\/sla-basel.ch\/wp-content\/uploads\/2026\/03\/samstagskurs-2-600x400.jpg 600w\" sizes=\"(max-width: 940px) 100vw, 940px\" \/><\/p>\n<p><span style=\"font-weight: 400;\">Ein Deutschkurs am Samstag ist vor allem f\u00fcr Berufst\u00e4tige interessant. Wer unter der Woche lange arbeitet oder einen wechselnden Arbeitsalltag hat, kann am Wochenende in einem festen Rahmen lernen, ohne zus\u00e4tzliche Abendtermine einplanen zu m\u00fcssen.<\/span><\/p>\n<p><span style=\"font-weight: 400;\">Auch f\u00fcr Eltern mit vollem Familienalltag kann ein Samstagskurs eine sinnvolle L\u00f6sung sein. Unter der Woche bestimmen Schule, Kita, Haushalt und andere Verpflichtungen oft den Tagesablauf. Ein Kurs am Samstag kann mehr Planbarkeit schaffen und dadurch den Einstieg ins Deutschlernen erleichtern.<\/span><\/p>\n<p><span style=\"font-weight: 400;\">F\u00fcr Neuzuz\u00fcgerinnen und Neuzuz\u00fcger in Basel ist ein solcher Kurs ebenfalls besonders wertvoll. Gute Deutschkenntnisse helfen dabei, sich schneller im Alltag zurechtzufinden, Gespr\u00e4che sicherer zu f\u00fchren und sich besser in das soziale und berufliche Leben einzubringen.<\/span><\/p>\n<p><span style=\"font-weight: 400;\">Dar\u00fcber hinaus profitieren auch Lernende, die ihr Deutsch gezielt verbessern m\u00f6chten. Manche m\u00f6chten sicherer sprechen, andere ihre Grammatik festigen oder ihren Wortschatz erweitern. Ein Samstagskurs bietet den passenden Rahmen, um genau an diesen Zielen zu arbeiten.<\/span><\/p>\n<p>&nbsp;<\/p>\n<h2><b>Deutsch lernen in Basel mit Gutschein: Eine praktische M\u00f6glichkeit<\/b><\/h2>\n<p><span style=\"font-weight: 400;\">Ein <a href=\"https:\/\/sla-basel.ch\/en\/german-with-voucher\/\"><strong>Gutscheinangebot<\/strong><\/a> kann den Einstieg in einen Deutschkurs zus\u00e4tzlich erleichtern. Es macht Sprachf\u00f6rderung besser zug\u00e4nglich und schafft f\u00fcr viele Lernende eine praktische M\u00f6glichkeit, einen passenden Kurs zu besuchen.<\/span><\/p>\n<p><span style=\"font-weight: 400;\">Gerade in einer Stadt wie Basel, in der gute Sprachkenntnisse im Alltag und im Beruf eine wichtige Rolle spielen, ist ein solches Angebot besonders wertvoll. Wer einen <a href=\"https:\/\/www.deutschkurse.bs.ch\/kurse.cfm?cat=1\" target=\"_blank\" rel=\"noopener\"><strong>Gutschein<\/strong><\/a> nutzen kann, erh\u00e4lt einen konkreten Anreiz, mit dem Deutschlernen zu beginnen oder vorhandene Kenntnisse gezielt auszubauen.<\/span><\/p>\n<p><span style=\"font-weight: 400;\">Das ist vor allem f\u00fcr Menschen hilfreich, die schon l\u00e4nger einen Kurs machen m\u00f6chten, aber noch nicht den richtigen Zeitpunkt gefunden haben. Ein Samstagskurs mit Gutschein verbindet gute Planbarkeit mit einer attraktiven Einstiegsm\u00f6glichkeit. So f\u00e4llt es leichter, den ersten Schritt zu machen und das eigene Sprachziel aktiv anzugehen.<\/span><\/p>","protected":false},"excerpt":{"rendered":"<p>Deutsch zu lernen ist f\u00fcr viele Menschen ein wichtiger Schritt. Gute Sprachkenntnisse helfen im Alltag, im Beruf und bei der&#8230;<\/p>","protected":false},"author":3,"featured_media":15947,"comment_status":"open","ping_status":"open","sticky":false,"template":"","format":"standard","meta":{"_exactmetrics_skip_tracking":false,"_exactmetrics_sitenote_active":false,"_exactmetrics_sitenote_note":"","_exactmetrics_sitenote_category":0,"footnotes":""},"categories":[60],"tags":[],"class_list":["post-15946","post","type-post","status-publish","format-standard","has-post-thumbnail","hentry","category-sla-basel"],"yoast_head":"<!-- This site is optimized with the Yoast SEO plugin v25.6 - https:\/\/yoast.com\/wordpress\/plugins\/seo\/ -->\n<title>Mit dem Samstagskurs in Basel flexibel und sicher zum Sprachziel - SLA-Basel<\/title>\n<meta name=\"description\" content=\"Samstagskurs in Basel: flexibel Deutsch lernen und Sprachziele trotz Beruf, Familie und Alltag Schritt f\u00fcr Schritt erreichen.\" \/>\n<meta name=\"robots\" content=\"index, follow, max-snippet:-1, max-image-preview:large, max-video-preview:-1\" \/>\n<link rel=\"canonical\" href=\"https:\/\/sla-basel.ch\/en\/mit-samstagskurs-flexibel-und-sicher-zum-sprachziel\/\" \/>\n<meta property=\"og:locale\" content=\"en_GB\" \/>\n<meta property=\"og:type\" content=\"article\" \/>\n<meta property=\"og:title\" content=\"Mit dem Samstagskurs in Basel flexibel und sicher zum Sprachziel - SLA-Basel\" \/>\n<meta property=\"og:description\" content=\"Samstagskurs in Basel: flexibel Deutsch lernen und Sprachziele trotz Beruf, Familie und Alltag Schritt f\u00fcr Schritt erreichen.\" \/>\n<meta property=\"og:url\" content=\"https:\/\/sla-basel.ch\/en\/mit-samstagskurs-flexibel-und-sicher-zum-sprachziel\/\" \/>\n<meta property=\"og:site_name\" content=\"SLA-Basel\" \/>\n<meta property=\"article:published_time\" content=\"2026-03-31T15:14:05+00:00\" \/>\n<meta property=\"og:image\" content=\"https:\/\/sla-basel.ch\/wp-content\/uploads\/2026\/03\/samstagskurs-1.jpg\" \/>\n\t<meta property=\"og:image:width\" content=\"768\" \/>\n\t<meta property=\"og:image:height\" content=\"512\" \/>\n\t<meta property=\"og:image:type\" content=\"image\/jpeg\" \/>\n<meta name=\"author\" content=\"sla-basel\" \/>\n<meta name=\"twitter:card\" content=\"summary_large_image\" \/>\n<meta name=\"twitter:label1\" content=\"Written by\" \/>\n\t<meta name=\"twitter:data1\" content=\"sla-basel\" \/>\n\t<meta name=\"twitter:label2\" content=\"Estimated reading time\" \/>\n\t<meta name=\"twitter:data2\" content=\"4 minutes\" \/>\n<script type=\"application\/ld+json\" class=\"yoast-schema-graph\">{\"@context\":\"https:\/\/schema.org\",\"@graph\":[{\"@type\":\"Article\",\"@id\":\"https:\/\/sla-basel.ch\/mit-samstagskurs-flexibel-und-sicher-zum-sprachziel\/#article\",\"isPartOf\":{\"@id\":\"https:\/\/sla-basel.ch\/mit-samstagskurs-flexibel-und-sicher-zum-sprachziel\/\"},\"author\":{\"name\":\"sla-basel\",\"@id\":\"https:\/\/mintcream-gnu-260441.hostingersite.com\/#\/schema\/person\/73829ec676307ced4618c9567f78b467\"},\"headline\":\"Mit dem Samstagskurs in Basel flexibel und sicher zum Sprachziel\",\"datePublished\":\"2026-03-31T15:14:05+00:00\",\"mainEntityOfPage\":{\"@id\":\"https:\/\/sla-basel.ch\/mit-samstagskurs-flexibel-und-sicher-zum-sprachziel\/\"},\"wordCount\":670,\"commentCount\":0,\"publisher\":{\"@id\":\"https:\/\/mintcream-gnu-260441.hostingersite.com\/#organization\"},\"image\":{\"@id\":\"https:\/\/sla-basel.ch\/mit-samstagskurs-flexibel-und-sicher-zum-sprachziel\/#primaryimage\"},\"thumbnailUrl\":\"https:\/\/sla-basel.ch\/wp-content\/uploads\/2026\/03\/samstagskurs-1.jpg\",\"articleSection\":[\"SLA-Basel\"],\"inLanguage\":\"en-GB\",\"potentialAction\":[{\"@type\":\"CommentAction\",\"name\":\"Comment\",\"target\":[\"https:\/\/sla-basel.ch\/mit-samstagskurs-flexibel-und-sicher-zum-sprachziel\/#respond\"]}]},{\"@type\":\"WebPage\",\"@id\":\"https:\/\/sla-basel.ch\/mit-samstagskurs-flexibel-und-sicher-zum-sprachziel\/\",\"url\":\"https:\/\/sla-basel.ch\/mit-samstagskurs-flexibel-und-sicher-zum-sprachziel\/\",\"name\":\"Mit dem Samstagskurs in Basel flexibel und sicher zum Sprachziel - SLA-Basel\",\"isPartOf\":{\"@id\":\"https:\/\/mintcream-gnu-260441.hostingersite.com\/#website\"},\"primaryImageOfPage\":{\"@id\":\"https:\/\/sla-basel.ch\/mit-samstagskurs-flexibel-und-sicher-zum-sprachziel\/#primaryimage\"},\"image\":{\"@id\":\"https:\/\/sla-basel.ch\/mit-samstagskurs-flexibel-und-sicher-zum-sprachziel\/#primaryimage\"},\"thumbnailUrl\":\"https:\/\/sla-basel.ch\/wp-content\/uploads\/2026\/03\/samstagskurs-1.jpg\",\"datePublished\":\"2026-03-31T15:14:05+00:00\",\"description\":\"Samstagskurs in Basel: flexibel Deutsch lernen und Sprachziele trotz Beruf, Familie und Alltag Schritt f\u00fcr Schritt erreichen.\",\"breadcrumb\":{\"@id\":\"https:\/\/sla-basel.ch\/mit-samstagskurs-flexibel-und-sicher-zum-sprachziel\/#breadcrumb\"},\"inLanguage\":\"en-GB\",\"potentialAction\":[{\"@type\":\"ReadAction\",\"target\":[\"https:\/\/sla-basel.ch\/mit-samstagskurs-flexibel-und-sicher-zum-sprachziel\/\"]}]},{\"@type\":\"ImageObject\",\"inLanguage\":\"en-GB\",\"@id\":\"https:\/\/sla-basel.ch\/mit-samstagskurs-flexibel-und-sicher-zum-sprachziel\/#primaryimage\",\"url\":\"https:\/\/sla-basel.ch\/wp-content\/uploads\/2026\/03\/samstagskurs-1.jpg\",\"contentUrl\":\"https:\/\/sla-basel.ch\/wp-content\/uploads\/2026\/03\/samstagskurs-1.jpg\",\"width\":768,\"height\":512,\"caption\":\"samstagskurs\"},{\"@type\":\"BreadcrumbList\",\"@id\":\"https:\/\/sla-basel.ch\/mit-samstagskurs-flexibel-und-sicher-zum-sprachziel\/#breadcrumb\",\"itemListElement\":[{\"@type\":\"ListItem\",\"position\":1,\"name\":\"Startseite\",\"item\":\"https:\/\/mintcream-gnu-260441.hostingersite.com\/\"},{\"@type\":\"ListItem\",\"position\":2,\"name\":\"Mit dem Samstagskurs in Basel flexibel und sicher zum Sprachziel\"}]},{\"@type\":\"WebSite\",\"@id\":\"https:\/\/mintcream-gnu-260441.hostingersite.com\/#website\",\"url\":\"https:\/\/mintcream-gnu-260441.hostingersite.com\/\",\"name\":\"SLA-Basel\",\"description\":\"Wir sind SLA-BASEL Kontaktiere uns Deutsch Super-Intensivkurse oder Die Individuelle Sprachsch\u00fcle\",\"publisher\":{\"@id\":\"https:\/\/mintcream-gnu-260441.hostingersite.com\/#organization\"},\"potentialAction\":[{\"@type\":\"SearchAction\",\"target\":{\"@type\":\"EntryPoint\",\"urlTemplate\":\"https:\/\/mintcream-gnu-260441.hostingersite.com\/?s={search_term_string}\"},\"query-input\":{\"@type\":\"PropertyValueSpecification\",\"valueRequired\":true,\"valueName\":\"search_term_string\"}}],\"inLanguage\":\"en-GB\"},{\"@type\":\"Organization\",\"@id\":\"https:\/\/mintcream-gnu-260441.hostingersite.com\/#organization\",\"name\":\"SLA-Basel\",\"url\":\"https:\/\/mintcream-gnu-260441.hostingersite.com\/\",\"logo\":{\"@type\":\"ImageObject\",\"inLanguage\":\"en-GB\",\"@id\":\"https:\/\/mintcream-gnu-260441.hostingersite.com\/#\/schema\/logo\/image\/\",\"url\":\"https:\/\/sla-basel.ch\/wp-content\/uploads\/2024\/07\/cropped-SLA-Logo.png\",\"contentUrl\":\"https:\/\/sla-basel.ch\/wp-content\/uploads\/2024\/07\/cropped-SLA-Logo.png\",\"width\":803,\"height\":224,\"caption\":\"SLA-Basel\"},\"image\":{\"@id\":\"https:\/\/mintcream-gnu-260441.hostingersite.com\/#\/schema\/logo\/image\/\"}},{\"@type\":\"Person\",\"@id\":\"https:\/\/mintcream-gnu-260441.hostingersite.com\/#\/schema\/person\/73829ec676307ced4618c9567f78b467\",\"name\":\"sla-basel\",\"image\":{\"@type\":\"ImageObject\",\"inLanguage\":\"en-GB\",\"@id\":\"https:\/\/mintcream-gnu-260441.hostingersite.com\/#\/schema\/person\/image\/\",\"url\":\"https:\/\/secure.gravatar.com\/avatar\/dc456f1d25135be141168fd7784765abe90031fea6bec8b1a7685f1bacc851c5?s=96&d=mm&r=g\",\"contentUrl\":\"https:\/\/secure.gravatar.com\/avatar\/dc456f1d25135be141168fd7784765abe90031fea6bec8b1a7685f1bacc851c5?s=96&d=mm&r=g\",\"caption\":\"sla-basel\"},\"url\":\"https:\/\/sla-basel.ch\/en\/author\/esatsemiz\/\"}]}<\/script>\n<!-- \/ Yoast SEO plugin. -->","yoast_head_json":{"title":"Mit dem Samstagskurs in Basel flexibel und sicher zum Sprachziel - SLA-Basel","description":"Samstagskurs in Basel: flexibel Deutsch lernen und Sprachziele trotz Beruf, Familie und Alltag Schritt f\u00fcr Schritt erreichen.","robots":{"index":"index","follow":"follow","max-snippet":"max-snippet:-1","max-image-preview":"max-image-preview:large","max-video-preview":"max-video-preview:-1"},"canonical":"https:\/\/sla-basel.ch\/en\/mit-samstagskurs-flexibel-und-sicher-zum-sprachziel\/","og_locale":"en_GB","og_type":"article","og_title":"Mit dem Samstagskurs in Basel flexibel und sicher zum Sprachziel - SLA-Basel","og_description":"Samstagskurs in Basel: flexibel Deutsch lernen und Sprachziele trotz Beruf, Familie und Alltag Schritt f\u00fcr Schritt erreichen.","og_url":"https:\/\/sla-basel.ch\/en\/mit-samstagskurs-flexibel-und-sicher-zum-sprachziel\/","og_site_name":"SLA-Basel","article_published_time":"2026-03-31T15:14:05+00:00","og_image":[{"width":768,"height":512,"url":"https:\/\/sla-basel.ch\/wp-content\/uploads\/2026\/03\/samstagskurs-1.jpg","type":"image\/jpeg"}],"author":"sla-basel","twitter_card":"summary_large_image","twitter_misc":{"Written by":"sla-basel","Estimated reading time":"4 minutes"},"schema":{"@context":"https:\/\/schema.org","@graph":[{"@type":"Article","@id":"https:\/\/sla-basel.ch\/mit-samstagskurs-flexibel-und-sicher-zum-sprachziel\/#article","isPartOf":{"@id":"https:\/\/sla-basel.ch\/mit-samstagskurs-flexibel-und-sicher-zum-sprachziel\/"},"author":{"name":"sla-basel","@id":"https:\/\/mintcream-gnu-260441.hostingersite.com\/#\/schema\/person\/73829ec676307ced4618c9567f78b467"},"headline":"Mit dem Samstagskurs in Basel flexibel und sicher zum Sprachziel","datePublished":"2026-03-31T15:14:05+00:00","mainEntityOfPage":{"@id":"https:\/\/sla-basel.ch\/mit-samstagskurs-flexibel-und-sicher-zum-sprachziel\/"},"wordCount":670,"commentCount":0,"publisher":{"@id":"https:\/\/mintcream-gnu-260441.hostingersite.com\/#organization"},"image":{"@id":"https:\/\/sla-basel.ch\/mit-samstagskurs-flexibel-und-sicher-zum-sprachziel\/#primaryimage"},"thumbnailUrl":"https:\/\/sla-basel.ch\/wp-content\/uploads\/2026\/03\/samstagskurs-1.jpg","articleSection":["SLA-Basel"],"inLanguage":"en-GB","potentialAction":[{"@type":"CommentAction","name":"Comment","target":["https:\/\/sla-basel.ch\/mit-samstagskurs-flexibel-und-sicher-zum-sprachziel\/#respond"]}]},{"@type":"WebPage","@id":"https:\/\/sla-basel.ch\/mit-samstagskurs-flexibel-und-sicher-zum-sprachziel\/","url":"https:\/\/sla-basel.ch\/mit-samstagskurs-flexibel-und-sicher-zum-sprachziel\/","name":"Mit dem Samstagskurs in Basel flexibel und sicher zum Sprachziel - SLA-Basel","isPartOf":{"@id":"https:\/\/mintcream-gnu-260441.hostingersite.com\/#website"},"primaryImageOfPage":{"@id":"https:\/\/sla-basel.ch\/mit-samstagskurs-flexibel-und-sicher-zum-sprachziel\/#primaryimage"},"image":{"@id":"https:\/\/sla-basel.ch\/mit-samstagskurs-flexibel-und-sicher-zum-sprachziel\/#primaryimage"},"thumbnailUrl":"https:\/\/sla-basel.ch\/wp-content\/uploads\/2026\/03\/samstagskurs-1.jpg","datePublished":"2026-03-31T15:14:05+00:00","description":"Samstagskurs in Basel: flexibel Deutsch lernen und Sprachziele trotz Beruf, Familie und Alltag Schritt f\u00fcr Schritt erreichen.","breadcrumb":{"@id":"https:\/\/sla-basel.ch\/mit-samstagskurs-flexibel-und-sicher-zum-sprachziel\/#breadcrumb"},"inLanguage":"en-GB","potentialAction":[{"@type":"ReadAction","target":["https:\/\/sla-basel.ch\/mit-samstagskurs-flexibel-und-sicher-zum-sprachziel\/"]}]},{"@type":"ImageObject","inLanguage":"en-GB","@id":"https:\/\/sla-basel.ch\/mit-samstagskurs-flexibel-und-sicher-zum-sprachziel\/#primaryimage","url":"https:\/\/sla-basel.ch\/wp-content\/uploads\/2026\/03\/samstagskurs-1.jpg","contentUrl":"https:\/\/sla-basel.ch\/wp-content\/uploads\/2026\/03\/samstagskurs-1.jpg","width":768,"height":512,"caption":"samstagskurs"},{"@type":"BreadcrumbList","@id":"https:\/\/sla-basel.ch\/mit-samstagskurs-flexibel-und-sicher-zum-sprachziel\/#breadcrumb","itemListElement":[{"@type":"ListItem","position":1,"name":"Startseite","item":"https:\/\/mintcream-gnu-260441.hostingersite.com\/"},{"@type":"ListItem","position":2,"name":"Mit dem Samstagskurs in Basel flexibel und sicher zum Sprachziel"}]},{"@type":"WebSite","@id":"https:\/\/mintcream-gnu-260441.hostingersite.com\/#website","url":"https:\/\/mintcream-gnu-260441.hostingersite.com\/","name":"SLA-Basel","description":"Wir sind SLA-BASEL Kontaktiere uns Deutsch Super-Intensivkurse oder Die Individuelle Sprachsch\u00fcle","publisher":{"@id":"https:\/\/mintcream-gnu-260441.hostingersite.com\/#organization"},"potentialAction":[{"@type":"SearchAction","target":{"@type":"EntryPoint","urlTemplate":"https:\/\/mintcream-gnu-260441.hostingersite.com\/?s={search_term_string}"},"query-input":{"@type":"PropertyValueSpecification","valueRequired":true,"valueName":"search_term_string"}}],"inLanguage":"en-GB"},{"@type":"Organization","@id":"https:\/\/mintcream-gnu-260441.hostingersite.com\/#organization","name":"SLA-Basel","url":"https:\/\/mintcream-gnu-260441.hostingersite.com\/","logo":{"@type":"ImageObject","inLanguage":"en-GB","@id":"https:\/\/mintcream-gnu-260441.hostingersite.com\/#\/schema\/logo\/image\/","url":"https:\/\/sla-basel.ch\/wp-content\/uploads\/2024\/07\/cropped-SLA-Logo.png","contentUrl":"https:\/\/sla-basel.ch\/wp-content\/uploads\/2024\/07\/cropped-SLA-Logo.png","width":803,"height":224,"caption":"SLA-Basel"},"image":{"@id":"https:\/\/mintcream-gnu-260441.hostingersite.com\/#\/schema\/logo\/image\/"}},{"@type":"Person","@id":"https:\/\/mintcream-gnu-260441.hostingersite.com\/#\/schema\/person\/73829ec676307ced4618c9567f78b467","name":"sla-basel","image":{"@type":"ImageObject","inLanguage":"en-GB","@id":"https:\/\/mintcream-gnu-260441.hostingersite.com\/#\/schema\/person\/image\/","url":"https:\/\/secure.gravatar.com\/avatar\/dc456f1d25135be141168fd7784765abe90031fea6bec8b1a7685f1bacc851c5?s=96&d=mm&r=g","contentUrl":"https:\/\/secure.gravatar.com\/avatar\/dc456f1d25135be141168fd7784765abe90031fea6bec8b1a7685f1bacc851c5?s=96&d=mm&r=g","caption":"sla-basel"},"url":"https:\/\/sla-basel.ch\/en\/author\/esatsemiz\/"}]}},"_links":{"self":[{"href":"https:\/\/sla-basel.ch\/en\/wp-json\/wp\/v2\/posts\/15946","targetHints":{"allow":["GET"]}}],"collection":[{"href":"https:\/\/sla-basel.ch\/en\/wp-json\/wp\/v2\/posts"}],"about":[{"href":"https:\/\/sla-basel.ch\/en\/wp-json\/wp\/v2\/types\/post"}],"author":[{"embeddable":true,"href":"https:\/\/sla-basel.ch\/en\/wp-json\/wp\/v2\/users\/3"}],"replies":[{"embeddable":true,"href":"https:\/\/sla-basel.ch\/en\/wp-json\/wp\/v2\/comments?post=15946"}],"version-history":[{"count":0,"href":"https:\/\/sla-basel.ch\/en\/wp-json\/wp\/v2\/posts\/15946\/revisions"}],"wp:featuredmedia":[{"embeddable":true,"href":"https:\/\/sla-basel.ch\/en\/wp-json\/wp\/v2\/media\/15947"}],"wp:attachment":[{"href":"https:\/\/sla-basel.ch\/en\/wp-json\/wp\/v2\/media?parent=15946"}],"wp:term":[{"taxonomy":"category","embeddable":true,"href":"https:\/\/sla-basel.ch\/en\/wp-json\/wp\/v2\/categories?post=15946"},{"taxonomy":"post_tag","embeddable":true,"href":"https:\/\/sla-basel.ch\/en\/wp-json\/wp\/v2\/tags?post=15946"}],"curies":[{"name":"wp","href":"https:\/\/api.w.org\/{rel}","templated":true}]}}