{"id":15999,"date":"2026-05-01T11:17:58","date_gmt":"2026-05-01T11:17:58","guid":{"rendered":"https:\/\/sla-basel.ch\/?p=15999"},"modified":"2026-05-01T11:17:58","modified_gmt":"2026-05-01T11:17:58","slug":"deutsch-lernen-als-franzose-in-basel","status":"publish","type":"post","link":"https:\/\/sla-basel.ch\/en\/deutsch-lernen-als-franzose-in-basel\/","title":{"rendered":"Deutsch lernen als Franzose in Basel: Tipps f\u00fcr einen erfolgreichen Start"},"content":{"rendered":"<p><span style=\"font-weight: 400;\">Wer als Franzose in Base<\/span><b>l<\/b><span style=\"font-weight: 400;\"> lebt, arbeitet oder studiert, merkt schnell: Deutschkenntnisse erleichtern den Alltag enorm. Basel ist zwar eine internationale Stadt, in der viele Menschen Englisch oder Franz\u00f6sisch verstehen. Trotzdem spielt Deutsch in vielen Bereichen eine zentrale Rolle.\u00a0<\/span><\/p>\n<p><span style=\"font-weight: 400;\">F\u00fcr franz\u00f6sischsprachige Lernende ist Deutsch zun\u00e4chst oft ungewohnt. Die Aussprache klingt h\u00e4rter, die Grammatik wirkt strukturierter und die Satzstellung unterscheidet sich deutlich vom Franz\u00f6sischen. Gleichzeitig gibt es viele M\u00f6glichkeiten, Deutsch Schritt f\u00fcr Schritt zu lernen und direkt im Alltag anzuwenden.<\/span><\/p>\n<h2><b>Warum Deutsch f\u00fcr Franzosen in Basel besonders wichtig ist<\/b><\/h2>\n<p><span style=\"font-weight: 400;\">Als Franzose in Basel kann man sich in manchen Situationen vielleicht mit Franz\u00f6sisch verst\u00e4ndigen, besonders wegen der N\u00e4he zur franz\u00f6sischen Grenze. Doch wer langfristig in Basel bleiben m\u00f6chte, braucht solide Deutschkenntnisse. Sie helfen bei offiziellen Terminen und beim Aufbau pers\u00f6nlicher Kontakte.<\/span><\/p>\n<p><span style=\"font-weight: 400;\">Deutschkenntnisse sind ausserdem ein Vorteil im Berufsleben. Viele Arbeitgeber erwarten zumindest Grundkenntnisse, vor allem wenn man mit Kunden, Kollegen oder lokalen Institutionen kommuniziert. Auch im Alltag f\u00fchlt man sich sicherer, wenn man Gespr\u00e4che versteht und selbst aktiv reagieren kann.<\/span><\/p>\n<h2><b>Typische Herausforderungen f\u00fcr franz\u00f6sischsprachige Lernende<\/b><\/h2>\n<p><span style=\"font-weight: 400;\">Franz\u00f6sisch und Deutsch unterscheiden sich in vielen Punkten. Eine der gr\u00f6ssten Herausforderungen sind die deutschen Artikel: der, die und das. Im Franz\u00f6sischen gibt es zwar auch grammatische Geschlechter, aber sie stimmen nicht immer mit dem Deutschen \u00fcberein. Deshalb muss man deutsche Nomen am besten immer direkt mit Artikel lernen.<\/span><\/p>\n<p><span style=\"font-weight: 400;\">Auch die F\u00e4lle sind f\u00fcr viele Lernende schwierig. Akkusativ und Dativ ver\u00e4ndern Artikel, Pronomen und manchmal auch Adjektive. W\u00e4hrend im Franz\u00f6sischen die Satzstruktur oft st\u00e4rker \u00fcber Pr\u00e4positionen geregelt wird, zeigt Deutsch viele Beziehungen im Satz \u00fcber F\u00e4lle. Wer als <\/span><b>Frazose in Basel<\/b><span style=\"font-weight: 400;\"> Deutsch lernt, sollte diese Grundlagen fr\u00fch \u00fcben, damit sp\u00e4tere Themen leichter verst\u00e4ndlich werden.<\/span><\/p>\n<h2><b>Aussprache: Umlaute, \u201ech\u201c und deutsche Wortbetonung<\/b><\/h2>\n<p><span style=\"font-weight: 400;\">Die deutsche Aussprache ist f\u00fcr franz\u00f6sischsprachige Lernende besonders interessant. Laute wie \u201e\u00fc\u201c, \u201e\u00f6\u201c oder \u201ech\u201c kommen im Franz\u00f6sischen nicht in gleicher Form vor. Auch die deutsche Wortbetonung kann ungewohnt sein, weil sie oft st\u00e4rker und klarer wirkt als im Franz\u00f6sischen.<\/span><\/p>\n<p><span style=\"font-weight: 400;\">Wichtig ist, fr\u00fch auf eine verst\u00e4ndliche Aussprache zu achten. Es geht nicht darum, perfekt akzentfrei zu sprechen. Entscheidend ist, dass man gut verstanden wird. Regelm\u00e4ssiges Nachsprechen, H\u00f6r\u00fcbungen und Korrekturen im Unterricht helfen dabei, Sicherheit zu gewinnen.<\/span><\/p>\n<h2><b>Satzstellung: Warum Deutsch anders funktioniert<\/b><\/h2>\n<p><span style=\"font-weight: 400;\">Ein weiterer wichtiger Punkt ist die deutsche Satzstellung. Im Hauptsatz steht das konjugierte Verb meistens an zweiter Position: \u201eIch lerne Deutsch.\u201c In Nebens\u00e4tzen steht das Verb jedoch oft am Ende: \u201eIch lerne Deutsch, weil ich in Basel arbeite.\u201c<\/span><\/p>\n<p><span style=\"font-weight: 400;\">F\u00fcr franz\u00f6sischsprachige Lernende kann das am Anfang ungewohnt sein. Im Franz\u00f6sischen bleibt die Satzstruktur meist stabiler. Im Deutschen muss man st\u00e4rker darauf achten, ob es sich um einen Hauptsatz, Nebensatz oder eine Frage handelt. Als <\/span><b>Frazose in Basel<\/b><span style=\"font-weight: 400;\"> profitiert man davon, typische Satzmuster nicht nur theoretisch zu lernen, sondern regelm\u00e4ssig laut zu sprechen.<\/span><\/p>\n<h2><b>False Friends zwischen Deutsch und Franz\u00f6sisch<\/b><\/h2>\n<p><img fetchpriority=\"high\" decoding=\"async\" class=\"aligncenter wp-image-16001 size-full\" src=\"https:\/\/sla-basel.ch\/wp-content\/uploads\/2026\/05\/franzose-in-basel-2.jpg\" alt=\"franzose in basel\" width=\"939\" height=\"527\" srcset=\"https:\/\/sla-basel.ch\/wp-content\/uploads\/2026\/05\/franzose-in-basel-2.jpg 939w, https:\/\/sla-basel.ch\/wp-content\/uploads\/2026\/05\/franzose-in-basel-2-300x168.jpg 300w, https:\/\/sla-basel.ch\/wp-content\/uploads\/2026\/05\/franzose-in-basel-2-768x431.jpg 768w, https:\/\/sla-basel.ch\/wp-content\/uploads\/2026\/05\/franzose-in-basel-2-18x10.jpg 18w, https:\/\/sla-basel.ch\/wp-content\/uploads\/2026\/05\/franzose-in-basel-2-600x337.jpg 600w\" sizes=\"(max-width: 939px) 100vw, 939px\" \/><\/p>\n<p><span style=\"font-weight: 400;\">Auch zwischen Deutsch und Franz\u00f6sisch gibt es W\u00f6rter, die \u00e4hnlich aussehen oder klingen, aber nicht immer dasselbe bedeuten. Solche False Friends k\u00f6nnen schnell zu Missverst\u00e4ndnissen f\u00fchren. Ein Beispiel ist \u201eaktuell\u201c. Das bedeutet auf Deutsch nicht \u201eactuel\u201c im Sinne von \u201egegenw\u00e4rtig\u201c in jeder Situation, sondern wird oft mit \u201ederzeit\u201c oder \u201emomentan\u201c verwendet.<\/span><\/p>\n<p><span style=\"font-weight: 400;\">Auch Begriffe im beruflichen oder offiziellen Kontext sollten genau gelernt werden. Besonders bei Formularen, Vertr\u00e4gen oder Beh\u00f6rdenterminen ist es wichtig, W\u00f6rter nicht nur ungef\u00e4hr zu verstehen. Wer Deutsch gezielt lernt, vermeidet solche Unsicherheiten schneller.<\/span><\/p>\n<h2><b>Hochdeutsch und Schweizerdeutsch: Was man wissen sollte<\/b><\/h2>\n<p><span style=\"font-weight: 400;\">In Basel h\u00f6rt man im Alltag h\u00e4ufig Schweizerdeutsch oder Basler Dialekt. F\u00fcr Lernende kann das am Anfang verwirrend sein, weil der Dialekt anders klingt als das Hochdeutsch im Kurs. Trotzdem ist Hochdeutsch die richtige Grundlage. Es wird geschrieben, unterrichtet und in vielen offiziellen Situationen verwendet.<\/span><\/p>\n<p><span style=\"font-weight: 400;\">Man sollte sich also nicht entmutigen lassen, wenn man Gespr\u00e4che auf der Stra\u00dfe oder im Tram nicht sofort versteht. Das ist auch f\u00fcr viele fortgeschrittene Lernende normal. Zuerst sollte man Hochdeutsch sicher aufbauen. Danach kann man sich langsam an Schweizerdeutsch gew\u00f6hnen.<\/span><\/p>\n<h2><b>Praktische Lerntipps ausserhalb des Unterrichts<\/b><\/h2>\n<p><img decoding=\"async\" class=\"aligncenter wp-image-16002 size-full\" src=\"https:\/\/sla-basel.ch\/wp-content\/uploads\/2026\/05\/Franzose-in-Basel-3.jpg\" alt=\"franzose in basel\" width=\"940\" height=\"528\" srcset=\"https:\/\/sla-basel.ch\/wp-content\/uploads\/2026\/05\/Franzose-in-Basel-3.jpg 940w, https:\/\/sla-basel.ch\/wp-content\/uploads\/2026\/05\/Franzose-in-Basel-3-300x169.jpg 300w, https:\/\/sla-basel.ch\/wp-content\/uploads\/2026\/05\/Franzose-in-Basel-3-768x431.jpg 768w, https:\/\/sla-basel.ch\/wp-content\/uploads\/2026\/05\/Franzose-in-Basel-3-18x10.jpg 18w, https:\/\/sla-basel.ch\/wp-content\/uploads\/2026\/05\/Franzose-in-Basel-3-600x337.jpg 600w\" sizes=\"(max-width: 940px) 100vw, 940px\" \/><\/p>\n<p><span style=\"font-weight: 400;\">Deutsch lernt man nicht nur im Kurs. Kleine t\u00e4gliche Gewohnheiten sind sehr effektiv. Man kann das Handy auf Deutsch einstellen, kurze Nachrichten auf Deutsch schreiben, einfache deutsche Podcasts h\u00f6ren oder beim Einkaufen bewusst deutsche Begriffe lesen.<\/span><\/p>\n<p><span style=\"font-weight: 400;\">Auch kurze Gespr\u00e4che im Alltag helfen. Es reicht, mit einfachen S\u00e4tzen zu beginnen. Wichtig ist, regelm\u00e4ssig zu \u00fcben und Fehler nicht als Problem zu sehen. Fehler geh\u00f6ren zum Lernen dazu und zeigen, dass man die Sprache aktiv verwendet.<\/span><\/p>\n<h2><b>Warum ein Deutschkurs in Basel besonders hilfreich ist<\/b><\/h2>\n<p><span style=\"font-weight: 400;\">Ein Deutschkurs bietet klare Struktur, pers\u00f6nliche Korrektur und regelm\u00e4ssige Motivation. Besonders franz\u00f6sischsprachige Lernende profitieren davon, wenn Unterschiede zwischen Deutsch und Franz\u00f6sisch gezielt erkl\u00e4rt werden. So versteht man schneller, warum bestimmte Fehler entstehen.<\/span><\/p>\n<p><span style=\"font-weight: 400;\">Ausserdem bietet ein Kurs die M\u00f6glichkeit, Deutsch in gesch\u00fctzter Atmosph\u00e4re zu sprechen. Man kann Fragen stellen, wiederholen und typische Alltagssituationen \u00fcben. F\u00fcr jeden Frazose in Base<\/span>l<span style=\"font-weight: 400;\">, der sicherer Deutsch sprechen m\u00f6chte, kann ein professioneller Kurs deshalb ein wichtiger Schritt sein.<\/span><\/p>\n<p><span style=\"font-weight: 400;\">At <\/span><a href=\"https:\/\/sla-basel.ch\/en\/\"><b>SLA Basel<\/b><\/a><span style=\"font-weight: 400;\"> k\u00f6nnen franz\u00f6sischsprachige Lernende gezielt daran arbeiten, ihre Deutschkenntnisse Schritt f\u00fcr Schritt zu verbessern. Die Kurse verbinden Grammatik, Wortschatz, Aussprache und praktische Kommunikation, sodass das Gelernte direkt im Alltag angewendet werden kann. Besonders hilfreich ist dabei der strukturierte Unterricht: Lernende erhalten klare Erkl\u00e4rungen, regelm\u00e4ssige \u00dcbungen und pers\u00f6nliche R\u00fcckmeldungen.\u00a0<\/span><\/p>\n<p><span style=\"font-weight: 400;\">So wird der Deutschkurs nicht nur zu einer theoretischen Lerneinheit, sondern zu einer praktischen Unterst\u00fctzung f\u00fcr Alltag, Beruf und soziale Kontakte in Basel.<\/span><\/p>\n<h2><b>Sicherer Deutsch sprechen in Basel<\/b><\/h2>\n<p><span style=\"font-weight: 400;\">Deutsch zu lernen braucht also Geduld, aber mit der richtigen Methode sind deutliche Fortschritte m\u00f6glich. Besonders wichtig sind regelm\u00e4ssiges Sprechen, klare Grammatikgrundlagen, praktische \u00dcbungen und der Mut, die Sprache im Alltag zu verwenden.<\/span><\/p>\n<p>&nbsp;<\/p>","protected":false},"excerpt":{"rendered":"<p>Wer als Franzose in Basel lebt, arbeitet oder studiert, merkt schnell: Deutschkenntnisse erleichtern den Alltag enorm. Basel ist zwar eine&#8230;<\/p>","protected":false},"author":3,"featured_media":16000,"comment_status":"open","ping_status":"open","sticky":false,"template":"","format":"standard","meta":{"_exactmetrics_skip_tracking":false,"_exactmetrics_sitenote_active":false,"_exactmetrics_sitenote_note":"","_exactmetrics_sitenote_category":0,"footnotes":""},"categories":[60],"tags":[],"class_list":["post-15999","post","type-post","status-publish","format-standard","has-post-thumbnail","hentry","category-sla-basel"],"yoast_head":"<!-- This site is optimized with the Yoast SEO plugin v25.6 - https:\/\/yoast.com\/wordpress\/plugins\/seo\/ -->\n<title>Deutsch lernen als Franzose in Basel | Tipps &amp; Kurs<\/title>\n<meta name=\"description\" content=\"Deutsch lernen als Franzose in Basel: Entdecken Sie praktische Tipps zu Grammatik, Aussprache, Alltagssprache und Deutschkursen bei SLA Basel.\" \/>\n<meta name=\"robots\" content=\"index, follow, max-snippet:-1, max-image-preview:large, max-video-preview:-1\" \/>\n<link rel=\"canonical\" href=\"https:\/\/sla-basel.ch\/en\/deutsch-lernen-als-franzose-in-basel\/\" \/>\n<meta property=\"og:locale\" content=\"en_GB\" \/>\n<meta property=\"og:type\" content=\"article\" \/>\n<meta property=\"og:title\" content=\"Deutsch lernen als Franzose in Basel | Tipps &amp; Kurs\" \/>\n<meta property=\"og:description\" content=\"Deutsch lernen als Franzose in Basel: Entdecken Sie praktische Tipps zu Grammatik, Aussprache, Alltagssprache und Deutschkursen bei SLA Basel.\" \/>\n<meta property=\"og:url\" content=\"https:\/\/sla-basel.ch\/en\/deutsch-lernen-als-franzose-in-basel\/\" \/>\n<meta property=\"og:site_name\" content=\"SLA-Basel\" \/>\n<meta property=\"article:published_time\" content=\"2026-05-01T11:17:58+00:00\" \/>\n<meta property=\"og:image\" content=\"https:\/\/sla-basel.ch\/wp-content\/uploads\/2026\/05\/Franzose-in-Basel-1.jpg\" \/>\n\t<meta property=\"og:image:width\" content=\"910\" \/>\n\t<meta property=\"og:image:height\" content=\"512\" \/>\n\t<meta property=\"og:image:type\" content=\"image\/jpeg\" \/>\n<meta name=\"author\" content=\"sla-basel\" \/>\n<meta name=\"twitter:card\" content=\"summary_large_image\" \/>\n<meta name=\"twitter:label1\" content=\"Written by\" \/>\n\t<meta name=\"twitter:data1\" content=\"sla-basel\" \/>\n\t<meta name=\"twitter:label2\" content=\"Estimated reading time\" \/>\n\t<meta name=\"twitter:data2\" content=\"6 minutes\" \/>\n<script type=\"application\/ld+json\" class=\"yoast-schema-graph\">{\"@context\":\"https:\/\/schema.org\",\"@graph\":[{\"@type\":\"Article\",\"@id\":\"https:\/\/sla-basel.ch\/deutsch-lernen-als-franzose-in-basel\/#article\",\"isPartOf\":{\"@id\":\"https:\/\/sla-basel.ch\/deutsch-lernen-als-franzose-in-basel\/\"},\"author\":{\"name\":\"sla-basel\",\"@id\":\"https:\/\/mintcream-gnu-260441.hostingersite.com\/#\/schema\/person\/73829ec676307ced4618c9567f78b467\"},\"headline\":\"Deutsch lernen als Franzose in Basel: Tipps f\u00fcr einen erfolgreichen Start\",\"datePublished\":\"2026-05-01T11:17:58+00:00\",\"mainEntityOfPage\":{\"@id\":\"https:\/\/sla-basel.ch\/deutsch-lernen-als-franzose-in-basel\/\"},\"wordCount\":1015,\"commentCount\":0,\"publisher\":{\"@id\":\"https:\/\/mintcream-gnu-260441.hostingersite.com\/#organization\"},\"image\":{\"@id\":\"https:\/\/sla-basel.ch\/deutsch-lernen-als-franzose-in-basel\/#primaryimage\"},\"thumbnailUrl\":\"https:\/\/sla-basel.ch\/wp-content\/uploads\/2026\/05\/Franzose-in-Basel-1.jpg\",\"articleSection\":[\"SLA-Basel\"],\"inLanguage\":\"en-GB\",\"potentialAction\":[{\"@type\":\"CommentAction\",\"name\":\"Comment\",\"target\":[\"https:\/\/sla-basel.ch\/deutsch-lernen-als-franzose-in-basel\/#respond\"]}]},{\"@type\":\"WebPage\",\"@id\":\"https:\/\/sla-basel.ch\/deutsch-lernen-als-franzose-in-basel\/\",\"url\":\"https:\/\/sla-basel.ch\/deutsch-lernen-als-franzose-in-basel\/\",\"name\":\"Deutsch lernen als Franzose in Basel | Tipps & Kurs\",\"isPartOf\":{\"@id\":\"https:\/\/mintcream-gnu-260441.hostingersite.com\/#website\"},\"primaryImageOfPage\":{\"@id\":\"https:\/\/sla-basel.ch\/deutsch-lernen-als-franzose-in-basel\/#primaryimage\"},\"image\":{\"@id\":\"https:\/\/sla-basel.ch\/deutsch-lernen-als-franzose-in-basel\/#primaryimage\"},\"thumbnailUrl\":\"https:\/\/sla-basel.ch\/wp-content\/uploads\/2026\/05\/Franzose-in-Basel-1.jpg\",\"datePublished\":\"2026-05-01T11:17:58+00:00\",\"description\":\"Deutsch lernen als Franzose in Basel: Entdecken Sie praktische Tipps zu Grammatik, Aussprache, Alltagssprache und Deutschkursen bei SLA Basel.\",\"breadcrumb\":{\"@id\":\"https:\/\/sla-basel.ch\/deutsch-lernen-als-franzose-in-basel\/#breadcrumb\"},\"inLanguage\":\"en-GB\",\"potentialAction\":[{\"@type\":\"ReadAction\",\"target\":[\"https:\/\/sla-basel.ch\/deutsch-lernen-als-franzose-in-basel\/\"]}]},{\"@type\":\"ImageObject\",\"inLanguage\":\"en-GB\",\"@id\":\"https:\/\/sla-basel.ch\/deutsch-lernen-als-franzose-in-basel\/#primaryimage\",\"url\":\"https:\/\/sla-basel.ch\/wp-content\/uploads\/2026\/05\/Franzose-in-Basel-1.jpg\",\"contentUrl\":\"https:\/\/sla-basel.ch\/wp-content\/uploads\/2026\/05\/Franzose-in-Basel-1.jpg\",\"width\":910,\"height\":512,\"caption\":\"franzose in basel\"},{\"@type\":\"BreadcrumbList\",\"@id\":\"https:\/\/sla-basel.ch\/deutsch-lernen-als-franzose-in-basel\/#breadcrumb\",\"itemListElement\":[{\"@type\":\"ListItem\",\"position\":1,\"name\":\"Startseite\",\"item\":\"https:\/\/mintcream-gnu-260441.hostingersite.com\/\"},{\"@type\":\"ListItem\",\"position\":2,\"name\":\"Deutsch lernen als Franzose in Basel: Tipps f\u00fcr einen erfolgreichen Start\"}]},{\"@type\":\"WebSite\",\"@id\":\"https:\/\/mintcream-gnu-260441.hostingersite.com\/#website\",\"url\":\"https:\/\/mintcream-gnu-260441.hostingersite.com\/\",\"name\":\"SLA-Basel\",\"description\":\"Wir sind SLA-BASEL Kontaktiere uns Deutsch Super-Intensivkurse oder Die Individuelle Sprachsch\u00fcle\",\"publisher\":{\"@id\":\"https:\/\/mintcream-gnu-260441.hostingersite.com\/#organization\"},\"potentialAction\":[{\"@type\":\"SearchAction\",\"target\":{\"@type\":\"EntryPoint\",\"urlTemplate\":\"https:\/\/mintcream-gnu-260441.hostingersite.com\/?s={search_term_string}\"},\"query-input\":{\"@type\":\"PropertyValueSpecification\",\"valueRequired\":true,\"valueName\":\"search_term_string\"}}],\"inLanguage\":\"en-GB\"},{\"@type\":\"Organization\",\"@id\":\"https:\/\/mintcream-gnu-260441.hostingersite.com\/#organization\",\"name\":\"SLA-Basel\",\"url\":\"https:\/\/mintcream-gnu-260441.hostingersite.com\/\",\"logo\":{\"@type\":\"ImageObject\",\"inLanguage\":\"en-GB\",\"@id\":\"https:\/\/mintcream-gnu-260441.hostingersite.com\/#\/schema\/logo\/image\/\",\"url\":\"https:\/\/sla-basel.ch\/wp-content\/uploads\/2024\/07\/cropped-SLA-Logo.png\",\"contentUrl\":\"https:\/\/sla-basel.ch\/wp-content\/uploads\/2024\/07\/cropped-SLA-Logo.png\",\"width\":803,\"height\":224,\"caption\":\"SLA-Basel\"},\"image\":{\"@id\":\"https:\/\/mintcream-gnu-260441.hostingersite.com\/#\/schema\/logo\/image\/\"}},{\"@type\":\"Person\",\"@id\":\"https:\/\/mintcream-gnu-260441.hostingersite.com\/#\/schema\/person\/73829ec676307ced4618c9567f78b467\",\"name\":\"sla-basel\",\"image\":{\"@type\":\"ImageObject\",\"inLanguage\":\"en-GB\",\"@id\":\"https:\/\/mintcream-gnu-260441.hostingersite.com\/#\/schema\/person\/image\/\",\"url\":\"https:\/\/secure.gravatar.com\/avatar\/dc456f1d25135be141168fd7784765abe90031fea6bec8b1a7685f1bacc851c5?s=96&d=mm&r=g\",\"contentUrl\":\"https:\/\/secure.gravatar.com\/avatar\/dc456f1d25135be141168fd7784765abe90031fea6bec8b1a7685f1bacc851c5?s=96&d=mm&r=g\",\"caption\":\"sla-basel\"},\"url\":\"https:\/\/sla-basel.ch\/en\/author\/esatsemiz\/\"}]}<\/script>\n<!-- \/ Yoast SEO plugin. -->","yoast_head_json":{"title":"Deutsch lernen als Franzose in Basel | Tipps & Kurs","description":"Deutsch lernen als Franzose in Basel: Entdecken Sie praktische Tipps zu Grammatik, Aussprache, Alltagssprache und Deutschkursen bei SLA Basel.","robots":{"index":"index","follow":"follow","max-snippet":"max-snippet:-1","max-image-preview":"max-image-preview:large","max-video-preview":"max-video-preview:-1"},"canonical":"https:\/\/sla-basel.ch\/en\/deutsch-lernen-als-franzose-in-basel\/","og_locale":"en_GB","og_type":"article","og_title":"Deutsch lernen als Franzose in Basel | Tipps & Kurs","og_description":"Deutsch lernen als Franzose in Basel: Entdecken Sie praktische Tipps zu Grammatik, Aussprache, Alltagssprache und Deutschkursen bei SLA Basel.","og_url":"https:\/\/sla-basel.ch\/en\/deutsch-lernen-als-franzose-in-basel\/","og_site_name":"SLA-Basel","article_published_time":"2026-05-01T11:17:58+00:00","og_image":[{"width":910,"height":512,"url":"https:\/\/sla-basel.ch\/wp-content\/uploads\/2026\/05\/Franzose-in-Basel-1.jpg","type":"image\/jpeg"}],"author":"sla-basel","twitter_card":"summary_large_image","twitter_misc":{"Written by":"sla-basel","Estimated reading time":"6 minutes"},"schema":{"@context":"https:\/\/schema.org","@graph":[{"@type":"Article","@id":"https:\/\/sla-basel.ch\/deutsch-lernen-als-franzose-in-basel\/#article","isPartOf":{"@id":"https:\/\/sla-basel.ch\/deutsch-lernen-als-franzose-in-basel\/"},"author":{"name":"sla-basel","@id":"https:\/\/mintcream-gnu-260441.hostingersite.com\/#\/schema\/person\/73829ec676307ced4618c9567f78b467"},"headline":"Deutsch lernen als Franzose in Basel: Tipps f\u00fcr einen erfolgreichen Start","datePublished":"2026-05-01T11:17:58+00:00","mainEntityOfPage":{"@id":"https:\/\/sla-basel.ch\/deutsch-lernen-als-franzose-in-basel\/"},"wordCount":1015,"commentCount":0,"publisher":{"@id":"https:\/\/mintcream-gnu-260441.hostingersite.com\/#organization"},"image":{"@id":"https:\/\/sla-basel.ch\/deutsch-lernen-als-franzose-in-basel\/#primaryimage"},"thumbnailUrl":"https:\/\/sla-basel.ch\/wp-content\/uploads\/2026\/05\/Franzose-in-Basel-1.jpg","articleSection":["SLA-Basel"],"inLanguage":"en-GB","potentialAction":[{"@type":"CommentAction","name":"Comment","target":["https:\/\/sla-basel.ch\/deutsch-lernen-als-franzose-in-basel\/#respond"]}]},{"@type":"WebPage","@id":"https:\/\/sla-basel.ch\/deutsch-lernen-als-franzose-in-basel\/","url":"https:\/\/sla-basel.ch\/deutsch-lernen-als-franzose-in-basel\/","name":"Deutsch lernen als Franzose in Basel | Tipps & Kurs","isPartOf":{"@id":"https:\/\/mintcream-gnu-260441.hostingersite.com\/#website"},"primaryImageOfPage":{"@id":"https:\/\/sla-basel.ch\/deutsch-lernen-als-franzose-in-basel\/#primaryimage"},"image":{"@id":"https:\/\/sla-basel.ch\/deutsch-lernen-als-franzose-in-basel\/#primaryimage"},"thumbnailUrl":"https:\/\/sla-basel.ch\/wp-content\/uploads\/2026\/05\/Franzose-in-Basel-1.jpg","datePublished":"2026-05-01T11:17:58+00:00","description":"Deutsch lernen als Franzose in Basel: Entdecken Sie praktische Tipps zu Grammatik, Aussprache, Alltagssprache und Deutschkursen bei SLA Basel.","breadcrumb":{"@id":"https:\/\/sla-basel.ch\/deutsch-lernen-als-franzose-in-basel\/#breadcrumb"},"inLanguage":"en-GB","potentialAction":[{"@type":"ReadAction","target":["https:\/\/sla-basel.ch\/deutsch-lernen-als-franzose-in-basel\/"]}]},{"@type":"ImageObject","inLanguage":"en-GB","@id":"https:\/\/sla-basel.ch\/deutsch-lernen-als-franzose-in-basel\/#primaryimage","url":"https:\/\/sla-basel.ch\/wp-content\/uploads\/2026\/05\/Franzose-in-Basel-1.jpg","contentUrl":"https:\/\/sla-basel.ch\/wp-content\/uploads\/2026\/05\/Franzose-in-Basel-1.jpg","width":910,"height":512,"caption":"franzose in basel"},{"@type":"BreadcrumbList","@id":"https:\/\/sla-basel.ch\/deutsch-lernen-als-franzose-in-basel\/#breadcrumb","itemListElement":[{"@type":"ListItem","position":1,"name":"Startseite","item":"https:\/\/mintcream-gnu-260441.hostingersite.com\/"},{"@type":"ListItem","position":2,"name":"Deutsch lernen als Franzose in Basel: Tipps f\u00fcr einen erfolgreichen Start"}]},{"@type":"WebSite","@id":"https:\/\/mintcream-gnu-260441.hostingersite.com\/#website","url":"https:\/\/mintcream-gnu-260441.hostingersite.com\/","name":"SLA-Basel","description":"Wir sind SLA-BASEL Kontaktiere uns Deutsch Super-Intensivkurse oder Die Individuelle Sprachsch\u00fcle","publisher":{"@id":"https:\/\/mintcream-gnu-260441.hostingersite.com\/#organization"},"potentialAction":[{"@type":"SearchAction","target":{"@type":"EntryPoint","urlTemplate":"https:\/\/mintcream-gnu-260441.hostingersite.com\/?s={search_term_string}"},"query-input":{"@type":"PropertyValueSpecification","valueRequired":true,"valueName":"search_term_string"}}],"inLanguage":"en-GB"},{"@type":"Organization","@id":"https:\/\/mintcream-gnu-260441.hostingersite.com\/#organization","name":"SLA-Basel","url":"https:\/\/mintcream-gnu-260441.hostingersite.com\/","logo":{"@type":"ImageObject","inLanguage":"en-GB","@id":"https:\/\/mintcream-gnu-260441.hostingersite.com\/#\/schema\/logo\/image\/","url":"https:\/\/sla-basel.ch\/wp-content\/uploads\/2024\/07\/cropped-SLA-Logo.png","contentUrl":"https:\/\/sla-basel.ch\/wp-content\/uploads\/2024\/07\/cropped-SLA-Logo.png","width":803,"height":224,"caption":"SLA-Basel"},"image":{"@id":"https:\/\/mintcream-gnu-260441.hostingersite.com\/#\/schema\/logo\/image\/"}},{"@type":"Person","@id":"https:\/\/mintcream-gnu-260441.hostingersite.com\/#\/schema\/person\/73829ec676307ced4618c9567f78b467","name":"sla-basel","image":{"@type":"ImageObject","inLanguage":"en-GB","@id":"https:\/\/mintcream-gnu-260441.hostingersite.com\/#\/schema\/person\/image\/","url":"https:\/\/secure.gravatar.com\/avatar\/dc456f1d25135be141168fd7784765abe90031fea6bec8b1a7685f1bacc851c5?s=96&d=mm&r=g","contentUrl":"https:\/\/secure.gravatar.com\/avatar\/dc456f1d25135be141168fd7784765abe90031fea6bec8b1a7685f1bacc851c5?s=96&d=mm&r=g","caption":"sla-basel"},"url":"https:\/\/sla-basel.ch\/en\/author\/esatsemiz\/"}]}},"_links":{"self":[{"href":"https:\/\/sla-basel.ch\/en\/wp-json\/wp\/v2\/posts\/15999","targetHints":{"allow":["GET"]}}],"collection":[{"href":"https:\/\/sla-basel.ch\/en\/wp-json\/wp\/v2\/posts"}],"about":[{"href":"https:\/\/sla-basel.ch\/en\/wp-json\/wp\/v2\/types\/post"}],"author":[{"embeddable":true,"href":"https:\/\/sla-basel.ch\/en\/wp-json\/wp\/v2\/users\/3"}],"replies":[{"embeddable":true,"href":"https:\/\/sla-basel.ch\/en\/wp-json\/wp\/v2\/comments?post=15999"}],"version-history":[{"count":0,"href":"https:\/\/sla-basel.ch\/en\/wp-json\/wp\/v2\/posts\/15999\/revisions"}],"wp:featuredmedia":[{"embeddable":true,"href":"https:\/\/sla-basel.ch\/en\/wp-json\/wp\/v2\/media\/16000"}],"wp:attachment":[{"href":"https:\/\/sla-basel.ch\/en\/wp-json\/wp\/v2\/media?parent=15999"}],"wp:term":[{"taxonomy":"category","embeddable":true,"href":"https:\/\/sla-basel.ch\/en\/wp-json\/wp\/v2\/categories?post=15999"},{"taxonomy":"post_tag","embeddable":true,"href":"https:\/\/sla-basel.ch\/en\/wp-json\/wp\/v2\/tags?post=15999"}],"curies":[{"name":"wp","href":"https:\/\/api.w.org\/{rel}","templated":true}]}}