{"id":2906,"date":"2020-05-26T19:00:14","date_gmt":"2020-05-26T19:00:14","guid":{"rendered":"http:\/\/sla-basel.ch\/?p=2906"},"modified":"2025-02-07T14:43:32","modified_gmt":"2025-02-07T14:43:32","slug":"deutsch-lernen-in-basel-der-universitaetsstadt-der-schweiz","status":"publish","type":"post","link":"https:\/\/sla-basel.ch\/en\/deutsch-lernen-in-basel-der-universitaetsstadt-der-schweiz\/","title":{"rendered":"Deutsch lernen in Basel, der Universit\u00e4tsstadt der Schweiz"},"content":{"rendered":"<h2>Deutsch lernen in Basel: Ein idealer Ort f\u00fcr Studenten<\/h2>\n<p>Sie k\u00f6nnen ein bisschen Deutsch und m\u00f6chten lieber in der Schweiz studieren als in Deutschland oder in \u00d6sterreich? Als<a href=\"http:\/\/sla-basel.ch\/en\/\"><strong> SLA Basel<\/strong><\/a> k\u00f6nnen wir Ihnen empfehlen, Basel als Ihr Studiumort auszuw\u00e4hlen. Als eine humanistisch gepr\u00e4gte Universit\u00e4tsstadt ist Basel ein idealer Ort zum Studieren.<\/p>\n<p>Vor allem die Universit\u00e4t Basel verspricht Ihnen einzigartiges Studium. Diese Universit\u00e4t wurde im Jahr 1460 gegr\u00fcndet und ist daher die \u00e4lteste Universit\u00e4t in der Schweiz. Zudem gilt sie aufgrund der akademischen T\u00e4tigkeiten von Erasmus von Rotterdam als eine der Geburtsst\u00e4tte des europ\u00e4ischen Humanismus.<\/p>\n<h2>Universit\u00e4tsstadt mit Geschichte und Tradition<\/h2>\n<p>Als eine perfekte Universit\u00e4tsstadt bietet Basel auch Musik-Akademien, die weltweit bekannt sind. Vor allem die Musik-Akademie der Stadt Basel, deren Gr\u00fcndung bis zum Jahr 1867 zur\u00fcckliegt. Neben dieser Akademie f\u00fcr Musikliebhaber bietet Basel das Biozentrum der Universit\u00e4t Basel. Wer sich f\u00fcr Systembiologie und synthetische Biologie interessiert, dem garantiert die Stadt ein weltweit bekanntes Forschungszentrum.<\/p>\n<p>Egal, ob Sie Gestaltung und Kunst, P\u00e4dagogik, Soziale Arbeit oder Wirtschaft studieren m\u00f6chten, dazu gibt es in dieser Stadt moderne Hochschulen, die Ihnen beste Karrierechancen er\u00f6ffnen. Um an diesen Hochschulen, die internationalen Ruf geniessen, studieren zu d\u00fcrfen, m\u00fcssen Sie nat\u00fcrlich \u00fcber ausreichende Deutschkenntnisse verf\u00fcgen.<\/p>\n<h2>Beste Deutschkurse f\u00fcr Studenten in Basel<\/h2>\n<p><img fetchpriority=\"high\" decoding=\"async\" class=\"alignnone wp-image-2908 size-full\" src=\"http:\/\/sla-basel.ch\/wp-content\/uploads\/2020\/05\/2.jpg\" alt=\"universit\u00e4tsstadt\" width=\"940\" height=\"626\" srcset=\"https:\/\/sla-basel.ch\/wp-content\/uploads\/2020\/05\/2.jpg 940w, https:\/\/sla-basel.ch\/wp-content\/uploads\/2020\/05\/2-300x200.jpg 300w, https:\/\/sla-basel.ch\/wp-content\/uploads\/2020\/05\/2-768x511.jpg 768w, https:\/\/sla-basel.ch\/wp-content\/uploads\/2020\/05\/2-600x400.jpg 600w\" sizes=\"(max-width: 940px) 100vw, 940px\" \/><\/p>\n<p>At <strong>SLA Basel<\/strong> bieten wir ausl\u00e4ndischen Studenten beste Deutschkurse mit kompetentesten Lehrern. Ihnen stehen folgende Sprachkurse f\u00fcr Deutsch zur Verf\u00fcgung: <strong><a href=\"http:\/\/sla-basel.ch\/en\/german-super-intensive-courses\/\">German Super-Intensive Courses<\/a>, <a href=\"http:\/\/sla-basel.ch\/en\/intensive-german-courses\/\">Intensive German courses<\/a>, <a href=\"http:\/\/sla-basel.ch\/en\/german-semi-intensive-course\/\">Deutsch Semi-Intensivkurse<\/a>, <a href=\"http:\/\/sla-basel.ch\/en\/deutsch-abendkurse\/\">German Evening Courses<\/a><a href=\"http:\/\/sla-basel.ch\/en\/german-private-lessons\/\">, Deutsch Einzelunterricht<\/a><\/strong> and <a href=\"http:\/\/sla-basel.ch\/en\/german-certificate-courses\/\"><strong>German Certificate Courses<\/strong><\/a>.<\/p>\n<p>Vor allem durch unsere Vorbereitungskurse f\u00fcr Zertifikatspr\u00fcfungen k\u00f6nnen Sie Hochschulberechtigung und sp\u00e4ter auch Karrierechancen garantieren. Wer sich ein <a href=\"http:\/\/sla-basel.ch\/en\/deutschkurse-fuer-telc-zertifikat\/\"><strong>telc-Zertifikat<\/strong> <\/a>oder ein <a href=\"http:\/\/sla-basel.ch\/en\/deutschkurse-fuer-goethe-zertifikat\/\"><strong>Goethe Zertifikat<\/strong><\/a> w\u00fcnscht, dem garantieren wir einen perfekten <strong>Deutschkurs in Basel<\/strong>. Sie k\u00f6nnen dann Ihre Sprachkenntnisse durch eine bestandene Pr\u00fcfung nachweisen und Ihr individuelles Sprachniveau bei den Universit\u00e4ten, aber auch Arbeitgebern und staatlichen Beh\u00f6rden offiziell bescheinigen. Unsere Partner sind Kulturlegi, Eduqua, temptraining und <a href=\"http:\/\/tutorakademie.ch\" target=\"_blank\" rel=\"noopener\">Tutor Akademie<\/a>.<\/p>\n<p>In einer Universit\u00e4tsstadt wie Basel k\u00f6nnen Sie ein typisches Studentenleben in der Schweiz erleben und einen geeigneten Deutschkurs in Basel besuchen. Viele sehr kulturelle und historische Stadtzentren sind stark vom Universit\u00e4tsleben beeinflusst, so dass Sie andere Studenten sehr schnell kennenlernen werden. Basel geh\u00f6rt zudem zu den wichtigsten Metropolregionen der Schweiz und hier finden grosse Partys, trendige Clubs und ein vielseitiges Nachtleben statt.<\/p>","protected":false},"excerpt":{"rendered":"<p>Deutsch lernen in Basel: Ein idealer Ort f\u00fcr Studenten Sie k\u00f6nnen ein bisschen Deutsch und m\u00f6chten lieber in der Schweiz&#8230;<\/p>","protected":false},"author":3,"featured_media":2907,"comment_status":"closed","ping_status":"closed","sticky":false,"template":"","format":"standard","meta":{"_exactmetrics_skip_tracking":false,"_exactmetrics_sitenote_active":false,"_exactmetrics_sitenote_note":"","_exactmetrics_sitenote_category":0,"footnotes":""},"categories":[60],"tags":[],"class_list":["post-2906","post","type-post","status-publish","format-standard","has-post-thumbnail","hentry","category-sla-basel"],"yoast_head":"<!-- This site is optimized with the Yoast SEO plugin v25.6 - https:\/\/yoast.com\/wordpress\/plugins\/seo\/ -->\n<title>Deutsch lernen in Universit\u00e4tsstadt Basel - SLA Basel<\/title>\n<meta name=\"robots\" content=\"index, follow, max-snippet:-1, max-image-preview:large, max-video-preview:-1\" \/>\n<link rel=\"canonical\" href=\"https:\/\/sla-basel.ch\/en\/deutsch-lernen-in-basel-der-universitaetsstadt-der-schweiz\/\" \/>\n<meta property=\"og:locale\" content=\"en_GB\" \/>\n<meta property=\"og:type\" content=\"article\" \/>\n<meta property=\"og:title\" content=\"Deutsch lernen in Universit\u00e4tsstadt Basel - SLA Basel\" \/>\n<meta property=\"og:description\" content=\"Deutsch lernen in Basel: Ein idealer Ort f\u00fcr Studenten Sie k\u00f6nnen ein bisschen Deutsch und m\u00f6chten lieber in der Schweiz&#8230;\" \/>\n<meta property=\"og:url\" content=\"https:\/\/sla-basel.ch\/en\/deutsch-lernen-in-basel-der-universitaetsstadt-der-schweiz\/\" \/>\n<meta property=\"og:site_name\" content=\"SLA-Basel\" \/>\n<meta property=\"article:published_time\" content=\"2020-05-26T19:00:14+00:00\" \/>\n<meta property=\"article:modified_time\" content=\"2025-02-07T14:43:32+00:00\" \/>\n<meta property=\"og:image\" content=\"https:\/\/sla-basel.ch\/wp-content\/uploads\/2020\/05\/1.jpg\" \/>\n\t<meta property=\"og:image:width\" content=\"768\" \/>\n\t<meta property=\"og:image:height\" content=\"430\" \/>\n\t<meta property=\"og:image:type\" content=\"image\/jpeg\" \/>\n<meta name=\"author\" content=\"sla-basel\" \/>\n<meta name=\"twitter:card\" content=\"summary_large_image\" \/>\n<meta name=\"twitter:label1\" content=\"Written by\" \/>\n\t<meta name=\"twitter:data1\" content=\"sla-basel\" \/>\n\t<meta name=\"twitter:label2\" content=\"Estimated reading time\" \/>\n\t<meta name=\"twitter:data2\" content=\"3 minutes\" \/>\n<script type=\"application\/ld+json\" class=\"yoast-schema-graph\">{\"@context\":\"https:\/\/schema.org\",\"@graph\":[{\"@type\":\"Article\",\"@id\":\"https:\/\/sla-basel.ch\/deutsch-lernen-in-basel-der-universitaetsstadt-der-schweiz\/#article\",\"isPartOf\":{\"@id\":\"https:\/\/sla-basel.ch\/deutsch-lernen-in-basel-der-universitaetsstadt-der-schweiz\/\"},\"author\":{\"name\":\"sla-basel\",\"@id\":\"https:\/\/mintcream-gnu-260441.hostingersite.com\/#\/schema\/person\/73829ec676307ced4618c9567f78b467\"},\"headline\":\"Deutsch lernen in Basel, der Universit\u00e4tsstadt der Schweiz\",\"datePublished\":\"2020-05-26T19:00:14+00:00\",\"dateModified\":\"2025-02-07T14:43:32+00:00\",\"mainEntityOfPage\":{\"@id\":\"https:\/\/sla-basel.ch\/deutsch-lernen-in-basel-der-universitaetsstadt-der-schweiz\/\"},\"wordCount\":416,\"publisher\":{\"@id\":\"https:\/\/mintcream-gnu-260441.hostingersite.com\/#organization\"},\"image\":{\"@id\":\"https:\/\/sla-basel.ch\/deutsch-lernen-in-basel-der-universitaetsstadt-der-schweiz\/#primaryimage\"},\"thumbnailUrl\":\"https:\/\/sla-basel.ch\/wp-content\/uploads\/2020\/05\/1.jpg\",\"articleSection\":[\"SLA-Basel\"],\"inLanguage\":\"en-GB\"},{\"@type\":\"WebPage\",\"@id\":\"https:\/\/sla-basel.ch\/deutsch-lernen-in-basel-der-universitaetsstadt-der-schweiz\/\",\"url\":\"https:\/\/sla-basel.ch\/deutsch-lernen-in-basel-der-universitaetsstadt-der-schweiz\/\",\"name\":\"Deutsch lernen in Universit\u00e4tsstadt Basel - SLA Basel\",\"isPartOf\":{\"@id\":\"https:\/\/mintcream-gnu-260441.hostingersite.com\/#website\"},\"primaryImageOfPage\":{\"@id\":\"https:\/\/sla-basel.ch\/deutsch-lernen-in-basel-der-universitaetsstadt-der-schweiz\/#primaryimage\"},\"image\":{\"@id\":\"https:\/\/sla-basel.ch\/deutsch-lernen-in-basel-der-universitaetsstadt-der-schweiz\/#primaryimage\"},\"thumbnailUrl\":\"https:\/\/sla-basel.ch\/wp-content\/uploads\/2020\/05\/1.jpg\",\"datePublished\":\"2020-05-26T19:00:14+00:00\",\"dateModified\":\"2025-02-07T14:43:32+00:00\",\"breadcrumb\":{\"@id\":\"https:\/\/sla-basel.ch\/deutsch-lernen-in-basel-der-universitaetsstadt-der-schweiz\/#breadcrumb\"},\"inLanguage\":\"en-GB\",\"potentialAction\":[{\"@type\":\"ReadAction\",\"target\":[\"https:\/\/sla-basel.ch\/deutsch-lernen-in-basel-der-universitaetsstadt-der-schweiz\/\"]}]},{\"@type\":\"ImageObject\",\"inLanguage\":\"en-GB\",\"@id\":\"https:\/\/sla-basel.ch\/deutsch-lernen-in-basel-der-universitaetsstadt-der-schweiz\/#primaryimage\",\"url\":\"https:\/\/sla-basel.ch\/wp-content\/uploads\/2020\/05\/1.jpg\",\"contentUrl\":\"https:\/\/sla-basel.ch\/wp-content\/uploads\/2020\/05\/1.jpg\",\"width\":768,\"height\":430,\"caption\":\"universit\u00e4tsstadt\"},{\"@type\":\"BreadcrumbList\",\"@id\":\"https:\/\/sla-basel.ch\/deutsch-lernen-in-basel-der-universitaetsstadt-der-schweiz\/#breadcrumb\",\"itemListElement\":[{\"@type\":\"ListItem\",\"position\":1,\"name\":\"Startseite\",\"item\":\"https:\/\/mintcream-gnu-260441.hostingersite.com\/\"},{\"@type\":\"ListItem\",\"position\":2,\"name\":\"Deutsch lernen in Basel, der Universit\u00e4tsstadt der Schweiz\"}]},{\"@type\":\"WebSite\",\"@id\":\"https:\/\/mintcream-gnu-260441.hostingersite.com\/#website\",\"url\":\"https:\/\/mintcream-gnu-260441.hostingersite.com\/\",\"name\":\"SLA-Basel\",\"description\":\"Wir sind SLA-BASEL Kontaktiere uns Deutsch Super-Intensivkurse oder Die Individuelle Sprachsch\u00fcle\",\"publisher\":{\"@id\":\"https:\/\/mintcream-gnu-260441.hostingersite.com\/#organization\"},\"potentialAction\":[{\"@type\":\"SearchAction\",\"target\":{\"@type\":\"EntryPoint\",\"urlTemplate\":\"https:\/\/mintcream-gnu-260441.hostingersite.com\/?s={search_term_string}\"},\"query-input\":{\"@type\":\"PropertyValueSpecification\",\"valueRequired\":true,\"valueName\":\"search_term_string\"}}],\"inLanguage\":\"en-GB\"},{\"@type\":\"Organization\",\"@id\":\"https:\/\/mintcream-gnu-260441.hostingersite.com\/#organization\",\"name\":\"SLA-Basel\",\"url\":\"https:\/\/mintcream-gnu-260441.hostingersite.com\/\",\"logo\":{\"@type\":\"ImageObject\",\"inLanguage\":\"en-GB\",\"@id\":\"https:\/\/mintcream-gnu-260441.hostingersite.com\/#\/schema\/logo\/image\/\",\"url\":\"https:\/\/sla-basel.ch\/wp-content\/uploads\/2024\/07\/cropped-SLA-Logo.png\",\"contentUrl\":\"https:\/\/sla-basel.ch\/wp-content\/uploads\/2024\/07\/cropped-SLA-Logo.png\",\"width\":803,\"height\":224,\"caption\":\"SLA-Basel\"},\"image\":{\"@id\":\"https:\/\/mintcream-gnu-260441.hostingersite.com\/#\/schema\/logo\/image\/\"}},{\"@type\":\"Person\",\"@id\":\"https:\/\/mintcream-gnu-260441.hostingersite.com\/#\/schema\/person\/73829ec676307ced4618c9567f78b467\",\"name\":\"sla-basel\",\"image\":{\"@type\":\"ImageObject\",\"inLanguage\":\"en-GB\",\"@id\":\"https:\/\/mintcream-gnu-260441.hostingersite.com\/#\/schema\/person\/image\/\",\"url\":\"https:\/\/secure.gravatar.com\/avatar\/dc456f1d25135be141168fd7784765abe90031fea6bec8b1a7685f1bacc851c5?s=96&d=mm&r=g\",\"contentUrl\":\"https:\/\/secure.gravatar.com\/avatar\/dc456f1d25135be141168fd7784765abe90031fea6bec8b1a7685f1bacc851c5?s=96&d=mm&r=g\",\"caption\":\"sla-basel\"},\"url\":\"https:\/\/sla-basel.ch\/en\/author\/esatsemiz\/\"}]}<\/script>\n<!-- \/ Yoast SEO plugin. -->","yoast_head_json":{"title":"Deutsch lernen in Universit\u00e4tsstadt Basel - SLA Basel","robots":{"index":"index","follow":"follow","max-snippet":"max-snippet:-1","max-image-preview":"max-image-preview:large","max-video-preview":"max-video-preview:-1"},"canonical":"https:\/\/sla-basel.ch\/en\/deutsch-lernen-in-basel-der-universitaetsstadt-der-schweiz\/","og_locale":"en_GB","og_type":"article","og_title":"Deutsch lernen in Universit\u00e4tsstadt Basel - SLA Basel","og_description":"Deutsch lernen in Basel: Ein idealer Ort f\u00fcr Studenten Sie k\u00f6nnen ein bisschen Deutsch und m\u00f6chten lieber in der Schweiz&#8230;","og_url":"https:\/\/sla-basel.ch\/en\/deutsch-lernen-in-basel-der-universitaetsstadt-der-schweiz\/","og_site_name":"SLA-Basel","article_published_time":"2020-05-26T19:00:14+00:00","article_modified_time":"2025-02-07T14:43:32+00:00","og_image":[{"width":768,"height":430,"url":"https:\/\/sla-basel.ch\/wp-content\/uploads\/2020\/05\/1.jpg","type":"image\/jpeg"}],"author":"sla-basel","twitter_card":"summary_large_image","twitter_misc":{"Written by":"sla-basel","Estimated reading time":"3 minutes"},"schema":{"@context":"https:\/\/schema.org","@graph":[{"@type":"Article","@id":"https:\/\/sla-basel.ch\/deutsch-lernen-in-basel-der-universitaetsstadt-der-schweiz\/#article","isPartOf":{"@id":"https:\/\/sla-basel.ch\/deutsch-lernen-in-basel-der-universitaetsstadt-der-schweiz\/"},"author":{"name":"sla-basel","@id":"https:\/\/mintcream-gnu-260441.hostingersite.com\/#\/schema\/person\/73829ec676307ced4618c9567f78b467"},"headline":"Deutsch lernen in Basel, der Universit\u00e4tsstadt der Schweiz","datePublished":"2020-05-26T19:00:14+00:00","dateModified":"2025-02-07T14:43:32+00:00","mainEntityOfPage":{"@id":"https:\/\/sla-basel.ch\/deutsch-lernen-in-basel-der-universitaetsstadt-der-schweiz\/"},"wordCount":416,"publisher":{"@id":"https:\/\/mintcream-gnu-260441.hostingersite.com\/#organization"},"image":{"@id":"https:\/\/sla-basel.ch\/deutsch-lernen-in-basel-der-universitaetsstadt-der-schweiz\/#primaryimage"},"thumbnailUrl":"https:\/\/sla-basel.ch\/wp-content\/uploads\/2020\/05\/1.jpg","articleSection":["SLA-Basel"],"inLanguage":"en-GB"},{"@type":"WebPage","@id":"https:\/\/sla-basel.ch\/deutsch-lernen-in-basel-der-universitaetsstadt-der-schweiz\/","url":"https:\/\/sla-basel.ch\/deutsch-lernen-in-basel-der-universitaetsstadt-der-schweiz\/","name":"Deutsch lernen in Universit\u00e4tsstadt Basel - SLA Basel","isPartOf":{"@id":"https:\/\/mintcream-gnu-260441.hostingersite.com\/#website"},"primaryImageOfPage":{"@id":"https:\/\/sla-basel.ch\/deutsch-lernen-in-basel-der-universitaetsstadt-der-schweiz\/#primaryimage"},"image":{"@id":"https:\/\/sla-basel.ch\/deutsch-lernen-in-basel-der-universitaetsstadt-der-schweiz\/#primaryimage"},"thumbnailUrl":"https:\/\/sla-basel.ch\/wp-content\/uploads\/2020\/05\/1.jpg","datePublished":"2020-05-26T19:00:14+00:00","dateModified":"2025-02-07T14:43:32+00:00","breadcrumb":{"@id":"https:\/\/sla-basel.ch\/deutsch-lernen-in-basel-der-universitaetsstadt-der-schweiz\/#breadcrumb"},"inLanguage":"en-GB","potentialAction":[{"@type":"ReadAction","target":["https:\/\/sla-basel.ch\/deutsch-lernen-in-basel-der-universitaetsstadt-der-schweiz\/"]}]},{"@type":"ImageObject","inLanguage":"en-GB","@id":"https:\/\/sla-basel.ch\/deutsch-lernen-in-basel-der-universitaetsstadt-der-schweiz\/#primaryimage","url":"https:\/\/sla-basel.ch\/wp-content\/uploads\/2020\/05\/1.jpg","contentUrl":"https:\/\/sla-basel.ch\/wp-content\/uploads\/2020\/05\/1.jpg","width":768,"height":430,"caption":"universit\u00e4tsstadt"},{"@type":"BreadcrumbList","@id":"https:\/\/sla-basel.ch\/deutsch-lernen-in-basel-der-universitaetsstadt-der-schweiz\/#breadcrumb","itemListElement":[{"@type":"ListItem","position":1,"name":"Startseite","item":"https:\/\/mintcream-gnu-260441.hostingersite.com\/"},{"@type":"ListItem","position":2,"name":"Deutsch lernen in Basel, der Universit\u00e4tsstadt der Schweiz"}]},{"@type":"WebSite","@id":"https:\/\/mintcream-gnu-260441.hostingersite.com\/#website","url":"https:\/\/mintcream-gnu-260441.hostingersite.com\/","name":"SLA-Basel","description":"Wir sind SLA-BASEL Kontaktiere uns Deutsch Super-Intensivkurse oder Die Individuelle Sprachsch\u00fcle","publisher":{"@id":"https:\/\/mintcream-gnu-260441.hostingersite.com\/#organization"},"potentialAction":[{"@type":"SearchAction","target":{"@type":"EntryPoint","urlTemplate":"https:\/\/mintcream-gnu-260441.hostingersite.com\/?s={search_term_string}"},"query-input":{"@type":"PropertyValueSpecification","valueRequired":true,"valueName":"search_term_string"}}],"inLanguage":"en-GB"},{"@type":"Organization","@id":"https:\/\/mintcream-gnu-260441.hostingersite.com\/#organization","name":"SLA-Basel","url":"https:\/\/mintcream-gnu-260441.hostingersite.com\/","logo":{"@type":"ImageObject","inLanguage":"en-GB","@id":"https:\/\/mintcream-gnu-260441.hostingersite.com\/#\/schema\/logo\/image\/","url":"https:\/\/sla-basel.ch\/wp-content\/uploads\/2024\/07\/cropped-SLA-Logo.png","contentUrl":"https:\/\/sla-basel.ch\/wp-content\/uploads\/2024\/07\/cropped-SLA-Logo.png","width":803,"height":224,"caption":"SLA-Basel"},"image":{"@id":"https:\/\/mintcream-gnu-260441.hostingersite.com\/#\/schema\/logo\/image\/"}},{"@type":"Person","@id":"https:\/\/mintcream-gnu-260441.hostingersite.com\/#\/schema\/person\/73829ec676307ced4618c9567f78b467","name":"sla-basel","image":{"@type":"ImageObject","inLanguage":"en-GB","@id":"https:\/\/mintcream-gnu-260441.hostingersite.com\/#\/schema\/person\/image\/","url":"https:\/\/secure.gravatar.com\/avatar\/dc456f1d25135be141168fd7784765abe90031fea6bec8b1a7685f1bacc851c5?s=96&d=mm&r=g","contentUrl":"https:\/\/secure.gravatar.com\/avatar\/dc456f1d25135be141168fd7784765abe90031fea6bec8b1a7685f1bacc851c5?s=96&d=mm&r=g","caption":"sla-basel"},"url":"https:\/\/sla-basel.ch\/en\/author\/esatsemiz\/"}]}},"_links":{"self":[{"href":"https:\/\/sla-basel.ch\/en\/wp-json\/wp\/v2\/posts\/2906","targetHints":{"allow":["GET"]}}],"collection":[{"href":"https:\/\/sla-basel.ch\/en\/wp-json\/wp\/v2\/posts"}],"about":[{"href":"https:\/\/sla-basel.ch\/en\/wp-json\/wp\/v2\/types\/post"}],"author":[{"embeddable":true,"href":"https:\/\/sla-basel.ch\/en\/wp-json\/wp\/v2\/users\/3"}],"replies":[{"embeddable":true,"href":"https:\/\/sla-basel.ch\/en\/wp-json\/wp\/v2\/comments?post=2906"}],"version-history":[{"count":0,"href":"https:\/\/sla-basel.ch\/en\/wp-json\/wp\/v2\/posts\/2906\/revisions"}],"wp:featuredmedia":[{"embeddable":true,"href":"https:\/\/sla-basel.ch\/en\/wp-json\/wp\/v2\/media\/2907"}],"wp:attachment":[{"href":"https:\/\/sla-basel.ch\/en\/wp-json\/wp\/v2\/media?parent=2906"}],"wp:term":[{"taxonomy":"category","embeddable":true,"href":"https:\/\/sla-basel.ch\/en\/wp-json\/wp\/v2\/categories?post=2906"},{"taxonomy":"post_tag","embeddable":true,"href":"https:\/\/sla-basel.ch\/en\/wp-json\/wp\/v2\/tags?post=2906"}],"curies":[{"name":"wp","href":"https:\/\/api.w.org\/{rel}","templated":true}]}}