{"id":2906,"date":"2020-05-26T19:00:14","date_gmt":"2020-05-26T19:00:14","guid":{"rendered":"http:\/\/sla-basel.ch\/?p=2906"},"modified":"2025-02-07T14:43:32","modified_gmt":"2025-02-07T14:43:32","slug":"learn-german-in-basel-the-university-city-of-switzerland","status":"publish","type":"post","link":"https:\/\/sla-basel.ch\/en\/deutsch-lernen-in-basel-der-universitaetsstadt-der-schweiz\/","title":{"rendered":"Learning German in Basel, Switzerland's university city"},"content":{"rendered":"<h2>Learning German in Basel: An ideal location for students<\/h2>\n<p>You know a bit of German and would rather study in Switzerland than in Germany or Austria? As<a href=\"http:\/\/sla-basel.ch\/en\/\"><strong> SLA Basel<\/strong><\/a> we can recommend choosing Basel as your place of study. As a university city with a strong humanist tradition, Basel is an ideal place to study.<\/p>\n<p>Above all, the University of Basel promises you a unique course of study. Founded in 1460, this university is the oldest in Switzerland. In addition, due to the academic activities of Desiderius Erasmus, it is considered one of the birthplaces of European humanism.<\/p>\n<h2>University town with history and tradition<\/h2>\n<p>As a perfect university city, Basel also offers music academies that are world-renowned. Above all, the City of Basel Music Academy, whose founding dates back to 1867. Alongside this academy for music lovers, Basel is home to the Biozentrum of the University of Basel. For anyone interested in systems biology and synthetic biology, the city guarantees a world-famous research centre.<\/p>\n<p>Whether you want to study design and art, education, social work or business, this city has modern higher education institutions that offer you excellent career prospects. To be able to study at these universities, which enjoy an international reputation, you must, of course, have a sufficient command of German.<\/p>\n<h2>Best German courses for students in Basel<\/h2>\n<p><img fetchpriority=\"high\" decoding=\"async\" class=\"alignnone wp-image-2908 size-full\" src=\"http:\/\/sla-basel.ch\/wp-content\/uploads\/2020\/05\/2.jpg\" alt=\"university town\" width=\"940\" height=\"626\" srcset=\"https:\/\/sla-basel.ch\/wp-content\/uploads\/2020\/05\/2.jpg 940w, https:\/\/sla-basel.ch\/wp-content\/uploads\/2020\/05\/2-300x200.jpg 300w, https:\/\/sla-basel.ch\/wp-content\/uploads\/2020\/05\/2-768x511.jpg 768w, https:\/\/sla-basel.ch\/wp-content\/uploads\/2020\/05\/2-600x400.jpg 600w\" sizes=\"(max-width: 940px) 100vw, 940px\" \/><\/p>\n<p>At <strong>SLA Basel<\/strong> we offer foreign students the best German courses with the most competent teachers. The following German language courses are available to you: <strong><a href=\"http:\/\/sla-basel.ch\/en\/german-super-intensive-courses\/\">German Super-Intensive Courses<\/a>, <a href=\"http:\/\/sla-basel.ch\/en\/intensive-german-courses\/\">Intensive German courses<\/a>, <a href=\"http:\/\/sla-basel.ch\/en\/german-semi-intensive-course\/\">German semi-intensive courses<\/a>, <a href=\"http:\/\/sla-basel.ch\/en\/deutsch-abendkurse\/\">German Evening Courses<\/a><a href=\"http:\/\/sla-basel.ch\/en\/german-private-lessons\/\">, German individual tuition<\/a><\/strong> and <a href=\"http:\/\/sla-basel.ch\/en\/german-certificate-courses\/\"><strong>German Certificate Courses<\/strong><\/a>.<\/p>\n<p>Mainly through our preparation courses for certificate exams, you can guarantee university entrance qualification and later also career opportunities. Anyone who <a href=\"http:\/\/sla-basel.ch\/en\/german-courses-for-telc-certificate\/\"><strong>telc certificate<\/strong> <\/a>or a <a href=\"http:\/\/sla-basel.ch\/en\/german-courses-for-goethe-certificate\/\"><strong>Goethe Certificate<\/strong><\/a> wishes, we guarantee a perfect <strong>German course in Basel<\/strong>. You can then prove your language skills by passing an exam and officially certify your individual language level to universities, as well as employers and government authorities. Our partners are Kulturlegi, Eduqua, temptraining and <a href=\"http:\/\/tutorakademie.ch\" target=\"_blank\" rel=\"noopener\">Tutor Academy<\/a>.<\/p>\n<p>In a university city like Basel, you can experience a typical student life in Switzerland and take a suitable German course in Basel. Many very cultural and historical city centres are heavily influenced by student life, so you will get to know other students very quickly. Basel is also one of Switzerland's most important metropolitan regions, where big parties, trendy clubs and a diverse nightlife take place.<\/p>","protected":false},"excerpt":{"rendered":"<p>Learning German in Basel: An ideal place for students You know a bit of German and would rather in Switzerland\u2026<\/p>","protected":false},"author":3,"featured_media":2907,"comment_status":"closed","ping_status":"closed","sticky":false,"template":"","format":"standard","meta":{"_exactmetrics_skip_tracking":false,"footnotes":""},"categories":[60],"tags":[],"class_list":["post-2906","post","type-post","status-publish","format-standard","has-post-thumbnail","hentry","category-sla-basel"],"yoast_head":"<!-- This site is optimized with the Yoast SEO plugin v28.1 - https:\/\/yoast.com\/product\/yoast-seo-wordpress\/ -->\n<title>Deutsch lernen in Universit\u00e4tsstadt Basel - SLA Basel<\/title>\n<meta name=\"robots\" content=\"index, follow, max-snippet:-1, max-image-preview:large, max-video-preview:-1\" \/>\n<link rel=\"canonical\" href=\"https:\/\/sla-basel.ch\/en\/learn-german-in-basel-the-university-city-of-switzerland\/\" \/>\n<meta property=\"og:locale\" content=\"en_GB\" \/>\n<meta property=\"og:type\" content=\"article\" \/>\n<meta property=\"og:title\" content=\"Deutsch lernen in Universit\u00e4tsstadt Basel - SLA Basel\" \/>\n<meta property=\"og:description\" content=\"Deutsch lernen in Basel: Ein idealer Ort f\u00fcr Studenten Sie k\u00f6nnen ein bisschen Deutsch und m\u00f6chten lieber in der Schweiz&#8230;\" \/>\n<meta property=\"og:url\" content=\"https:\/\/sla-basel.ch\/en\/learn-german-in-basel-the-university-city-of-switzerland\/\" \/>\n<meta property=\"og:site_name\" content=\"SLA-Basel\" \/>\n<meta property=\"article:published_time\" content=\"2020-05-26T19:00:14+00:00\" \/>\n<meta property=\"article:modified_time\" content=\"2025-02-07T14:43:32+00:00\" \/>\n<meta property=\"og:image\" content=\"https:\/\/sla-basel.ch\/wp-content\/uploads\/2020\/05\/1.jpg\" \/>\n\t<meta property=\"og:image:width\" content=\"768\" \/>\n\t<meta property=\"og:image:height\" content=\"430\" \/>\n\t<meta property=\"og:image:type\" content=\"image\/jpeg\" \/>\n<meta name=\"author\" content=\"sla-basel\" \/>\n<meta name=\"twitter:card\" content=\"summary_large_image\" \/>\n<meta name=\"twitter:label1\" content=\"Written by\" \/>\n\t<meta name=\"twitter:data1\" content=\"sla-basel\" \/>\n\t<meta name=\"twitter:label2\" content=\"Estimated reading time\" \/>\n\t<meta name=\"twitter:data2\" content=\"3 minutes\" \/>\n<script type=\"application\/ld+json\" class=\"yoast-schema-graph\">{\"@context\":\"https:\\\/\\\/schema.org\",\"@graph\":[{\"@type\":\"Article\",\"@id\":\"https:\\\/\\\/sla-basel.ch\\\/deutsch-lernen-in-basel-der-universitaetsstadt-der-schweiz\\\/#article\",\"isPartOf\":{\"@id\":\"https:\\\/\\\/sla-basel.ch\\\/deutsch-lernen-in-basel-der-universitaetsstadt-der-schweiz\\\/\"},\"author\":{\"name\":\"sla-basel\",\"@id\":\"https:\\\/\\\/sla-basel.ch\\\/#\\\/schema\\\/person\\\/53b676b12e898ed534e66ba24c37c3cb\"},\"headline\":\"Deutsch lernen in Basel, der Universit\u00e4tsstadt der Schweiz\",\"datePublished\":\"2020-05-26T19:00:14+00:00\",\"dateModified\":\"2025-02-07T14:43:32+00:00\",\"mainEntityOfPage\":{\"@id\":\"https:\\\/\\\/sla-basel.ch\\\/deutsch-lernen-in-basel-der-universitaetsstadt-der-schweiz\\\/\"},\"wordCount\":416,\"publisher\":{\"@id\":\"https:\\\/\\\/sla-basel.ch\\\/#organization\"},\"image\":{\"@id\":\"https:\\\/\\\/sla-basel.ch\\\/deutsch-lernen-in-basel-der-universitaetsstadt-der-schweiz\\\/#primaryimage\"},\"thumbnailUrl\":\"https:\\\/\\\/sla-basel.ch\\\/wp-content\\\/uploads\\\/2020\\\/05\\\/1.jpg\",\"articleSection\":[\"SLA-Basel\"],\"inLanguage\":\"en-GB\"},{\"@type\":\"WebPage\",\"@id\":\"https:\\\/\\\/sla-basel.ch\\\/deutsch-lernen-in-basel-der-universitaetsstadt-der-schweiz\\\/\",\"url\":\"https:\\\/\\\/sla-basel.ch\\\/deutsch-lernen-in-basel-der-universitaetsstadt-der-schweiz\\\/\",\"name\":\"Deutsch lernen in Universit\u00e4tsstadt Basel - SLA Basel\",\"isPartOf\":{\"@id\":\"https:\\\/\\\/sla-basel.ch\\\/#website\"},\"primaryImageOfPage\":{\"@id\":\"https:\\\/\\\/sla-basel.ch\\\/deutsch-lernen-in-basel-der-universitaetsstadt-der-schweiz\\\/#primaryimage\"},\"image\":{\"@id\":\"https:\\\/\\\/sla-basel.ch\\\/deutsch-lernen-in-basel-der-universitaetsstadt-der-schweiz\\\/#primaryimage\"},\"thumbnailUrl\":\"https:\\\/\\\/sla-basel.ch\\\/wp-content\\\/uploads\\\/2020\\\/05\\\/1.jpg\",\"datePublished\":\"2020-05-26T19:00:14+00:00\",\"dateModified\":\"2025-02-07T14:43:32+00:00\",\"breadcrumb\":{\"@id\":\"https:\\\/\\\/sla-basel.ch\\\/deutsch-lernen-in-basel-der-universitaetsstadt-der-schweiz\\\/#breadcrumb\"},\"inLanguage\":\"en-GB\",\"potentialAction\":[{\"@type\":\"ReadAction\",\"target\":[\"https:\\\/\\\/sla-basel.ch\\\/deutsch-lernen-in-basel-der-universitaetsstadt-der-schweiz\\\/\"]}]},{\"@type\":\"ImageObject\",\"inLanguage\":\"en-GB\",\"@id\":\"https:\\\/\\\/sla-basel.ch\\\/deutsch-lernen-in-basel-der-universitaetsstadt-der-schweiz\\\/#primaryimage\",\"url\":\"https:\\\/\\\/sla-basel.ch\\\/wp-content\\\/uploads\\\/2020\\\/05\\\/1.jpg\",\"contentUrl\":\"https:\\\/\\\/sla-basel.ch\\\/wp-content\\\/uploads\\\/2020\\\/05\\\/1.jpg\",\"width\":768,\"height\":430,\"caption\":\"universit\u00e4tsstadt\"},{\"@type\":\"BreadcrumbList\",\"@id\":\"https:\\\/\\\/sla-basel.ch\\\/deutsch-lernen-in-basel-der-universitaetsstadt-der-schweiz\\\/#breadcrumb\",\"itemListElement\":[{\"@type\":\"ListItem\",\"position\":1,\"name\":\"Startseite\",\"item\":\"https:\\\/\\\/sla-basel.ch\\\/\"},{\"@type\":\"ListItem\",\"position\":2,\"name\":\"Deutsch lernen in Basel, der Universit\u00e4tsstadt der Schweiz\"}]},{\"@type\":\"WebSite\",\"@id\":\"https:\\\/\\\/sla-basel.ch\\\/#website\",\"url\":\"https:\\\/\\\/sla-basel.ch\\\/\",\"name\":\"SLA-Basel\",\"description\":\"Wir sind SLA-BASEL Kontaktiere uns Deutsch Super-Intensivkurse oder Die Individuelle Sprachsch\u00fcle\",\"publisher\":{\"@id\":\"https:\\\/\\\/sla-basel.ch\\\/#organization\"},\"potentialAction\":[{\"@type\":\"SearchAction\",\"target\":{\"@type\":\"EntryPoint\",\"urlTemplate\":\"https:\\\/\\\/sla-basel.ch\\\/?s={search_term_string}\"},\"query-input\":{\"@type\":\"PropertyValueSpecification\",\"valueRequired\":true,\"valueName\":\"search_term_string\"}}],\"inLanguage\":\"en-GB\"},{\"@type\":\"Organization\",\"@id\":\"https:\\\/\\\/sla-basel.ch\\\/#organization\",\"name\":\"SLA-Basel\",\"url\":\"https:\\\/\\\/sla-basel.ch\\\/\",\"logo\":{\"@type\":\"ImageObject\",\"inLanguage\":\"en-GB\",\"@id\":\"https:\\\/\\\/sla-basel.ch\\\/#\\\/schema\\\/logo\\\/image\\\/\",\"url\":\"https:\\\/\\\/sla-basel.ch\\\/wp-content\\\/uploads\\\/2024\\\/07\\\/cropped-SLA-Logo.png\",\"contentUrl\":\"https:\\\/\\\/sla-basel.ch\\\/wp-content\\\/uploads\\\/2024\\\/07\\\/cropped-SLA-Logo.png\",\"width\":803,\"height\":224,\"caption\":\"SLA-Basel\"},\"image\":{\"@id\":\"https:\\\/\\\/sla-basel.ch\\\/#\\\/schema\\\/logo\\\/image\\\/\"}},{\"@type\":\"Person\",\"@id\":\"https:\\\/\\\/sla-basel.ch\\\/#\\\/schema\\\/person\\\/53b676b12e898ed534e66ba24c37c3cb\",\"name\":\"sla-basel\",\"image\":{\"@type\":\"ImageObject\",\"inLanguage\":\"en-GB\",\"@id\":\"https:\\\/\\\/secure.gravatar.com\\\/avatar\\\/dc456f1d25135be141168fd7784765abe90031fea6bec8b1a7685f1bacc851c5?s=96&d=mm&r=g\",\"url\":\"https:\\\/\\\/secure.gravatar.com\\\/avatar\\\/dc456f1d25135be141168fd7784765abe90031fea6bec8b1a7685f1bacc851c5?s=96&d=mm&r=g\",\"contentUrl\":\"https:\\\/\\\/secure.gravatar.com\\\/avatar\\\/dc456f1d25135be141168fd7784765abe90031fea6bec8b1a7685f1bacc851c5?s=96&d=mm&r=g\",\"caption\":\"sla-basel\"},\"url\":\"https:\\\/\\\/sla-basel.ch\\\/en\\\/author\\\/esatsemiz\\\/\"}]}<\/script>\n<!-- \/ Yoast SEO plugin. -->","yoast_head_json":{"title":"Learn German in the university city of Basel - SLA Basel","robots":{"index":"index","follow":"follow","max-snippet":"max-snippet:-1","max-image-preview":"max-image-preview:large","max-video-preview":"max-video-preview:-1"},"canonical":"https:\/\/sla-basel.ch\/en\/learn-german-in-basel-the-university-city-of-switzerland\/","og_locale":"en_GB","og_type":"article","og_title":"Deutsch lernen in Universit\u00e4tsstadt Basel - SLA Basel","og_description":"Deutsch lernen in Basel: Ein idealer Ort f\u00fcr Studenten Sie k\u00f6nnen ein bisschen Deutsch und m\u00f6chten lieber in der Schweiz&#8230;","og_url":"https:\/\/sla-basel.ch\/en\/learn-german-in-basel-the-university-city-of-switzerland\/","og_site_name":"SLA-Basel","article_published_time":"2020-05-26T19:00:14+00:00","article_modified_time":"2025-02-07T14:43:32+00:00","og_image":[{"width":768,"height":430,"url":"https:\/\/sla-basel.ch\/wp-content\/uploads\/2020\/05\/1.jpg","type":"image\/jpeg"}],"author":"sla-basel","twitter_card":"summary_large_image","twitter_misc":{"Written by":"sla-basel","Estimated reading time":"3 minutes"},"schema":{"@context":"https:\/\/schema.org","@graph":[{"@type":"Article","@id":"https:\/\/sla-basel.ch\/deutsch-lernen-in-basel-der-universitaetsstadt-der-schweiz\/#article","isPartOf":{"@id":"https:\/\/sla-basel.ch\/deutsch-lernen-in-basel-der-universitaetsstadt-der-schweiz\/"},"author":{"name":"sla-basel","@id":"https:\/\/sla-basel.ch\/#\/schema\/person\/53b676b12e898ed534e66ba24c37c3cb"},"headline":"Deutsch lernen in Basel, der Universit\u00e4tsstadt der Schweiz","datePublished":"2020-05-26T19:00:14+00:00","dateModified":"2025-02-07T14:43:32+00:00","mainEntityOfPage":{"@id":"https:\/\/sla-basel.ch\/deutsch-lernen-in-basel-der-universitaetsstadt-der-schweiz\/"},"wordCount":416,"publisher":{"@id":"https:\/\/sla-basel.ch\/#organization"},"image":{"@id":"https:\/\/sla-basel.ch\/deutsch-lernen-in-basel-der-universitaetsstadt-der-schweiz\/#primaryimage"},"thumbnailUrl":"https:\/\/sla-basel.ch\/wp-content\/uploads\/2020\/05\/1.jpg","articleSection":["SLA-Basel"],"inLanguage":"en-GB"},{"@type":"WebPage","@id":"https:\/\/sla-basel.ch\/deutsch-lernen-in-basel-der-universitaetsstadt-der-schweiz\/","url":"https:\/\/sla-basel.ch\/deutsch-lernen-in-basel-der-universitaetsstadt-der-schweiz\/","name":"Learn German in the university city of Basel - SLA Basel","isPartOf":{"@id":"https:\/\/sla-basel.ch\/#website"},"primaryImageOfPage":{"@id":"https:\/\/sla-basel.ch\/deutsch-lernen-in-basel-der-universitaetsstadt-der-schweiz\/#primaryimage"},"image":{"@id":"https:\/\/sla-basel.ch\/deutsch-lernen-in-basel-der-universitaetsstadt-der-schweiz\/#primaryimage"},"thumbnailUrl":"https:\/\/sla-basel.ch\/wp-content\/uploads\/2020\/05\/1.jpg","datePublished":"2020-05-26T19:00:14+00:00","dateModified":"2025-02-07T14:43:32+00:00","breadcrumb":{"@id":"https:\/\/sla-basel.ch\/deutsch-lernen-in-basel-der-universitaetsstadt-der-schweiz\/#breadcrumb"},"inLanguage":"en-GB","potentialAction":[{"@type":"ReadAction","target":["https:\/\/sla-basel.ch\/deutsch-lernen-in-basel-der-universitaetsstadt-der-schweiz\/"]}]},{"@type":"ImageObject","inLanguage":"en-GB","@id":"https:\/\/sla-basel.ch\/deutsch-lernen-in-basel-der-universitaetsstadt-der-schweiz\/#primaryimage","url":"https:\/\/sla-basel.ch\/wp-content\/uploads\/2020\/05\/1.jpg","contentUrl":"https:\/\/sla-basel.ch\/wp-content\/uploads\/2020\/05\/1.jpg","width":768,"height":430,"caption":"universit\u00e4tsstadt"},{"@type":"BreadcrumbList","@id":"https:\/\/sla-basel.ch\/deutsch-lernen-in-basel-der-universitaetsstadt-der-schweiz\/#breadcrumb","itemListElement":[{"@type":"ListItem","position":1,"name":"Startseite","item":"https:\/\/sla-basel.ch\/"},{"@type":"ListItem","position":2,"name":"Deutsch lernen in Basel, der Universit\u00e4tsstadt der Schweiz"}]},{"@type":"WebSite","@id":"https:\/\/sla-basel.ch\/#website","url":"https:\/\/sla-basel.ch\/","name":"SLA-Basel","description":"We are SLA-BASEL Contact us German Super-Intensive Courses or The Individual Language School","publisher":{"@id":"https:\/\/sla-basel.ch\/#organization"},"potentialAction":[{"@type":"SearchAction","target":{"@type":"EntryPoint","urlTemplate":"https:\/\/sla-basel.ch\/?s={search_term_string}"},"query-input":{"@type":"PropertyValueSpecification","valueRequired":true,"valueName":"search_term_string"}}],"inLanguage":"en-GB"},{"@type":"Organization","@id":"https:\/\/sla-basel.ch\/#organization","name":"SLA-Basel","url":"https:\/\/sla-basel.ch\/","logo":{"@type":"ImageObject","inLanguage":"en-GB","@id":"https:\/\/sla-basel.ch\/#\/schema\/logo\/image\/","url":"https:\/\/sla-basel.ch\/wp-content\/uploads\/2024\/07\/cropped-SLA-Logo.png","contentUrl":"https:\/\/sla-basel.ch\/wp-content\/uploads\/2024\/07\/cropped-SLA-Logo.png","width":803,"height":224,"caption":"SLA-Basel"},"image":{"@id":"https:\/\/sla-basel.ch\/#\/schema\/logo\/image\/"}},{"@type":"Person","@id":"https:\/\/sla-basel.ch\/#\/schema\/person\/53b676b12e898ed534e66ba24c37c3cb","name":"SLA Basel","image":{"@type":"ImageObject","inLanguage":"en-GB","@id":"https:\/\/secure.gravatar.com\/avatar\/dc456f1d25135be141168fd7784765abe90031fea6bec8b1a7685f1bacc851c5?s=96&d=mm&r=g","url":"https:\/\/secure.gravatar.com\/avatar\/dc456f1d25135be141168fd7784765abe90031fea6bec8b1a7685f1bacc851c5?s=96&d=mm&r=g","contentUrl":"https:\/\/secure.gravatar.com\/avatar\/dc456f1d25135be141168fd7784765abe90031fea6bec8b1a7685f1bacc851c5?s=96&d=mm&r=g","caption":"sla-basel"},"url":"https:\/\/sla-basel.ch\/en\/author\/esatsemiz\/"}]}},"_links":{"self":[{"href":"https:\/\/sla-basel.ch\/en\/wp-json\/wp\/v2\/posts\/2906","targetHints":{"allow":["GET"]}}],"collection":[{"href":"https:\/\/sla-basel.ch\/en\/wp-json\/wp\/v2\/posts"}],"about":[{"href":"https:\/\/sla-basel.ch\/en\/wp-json\/wp\/v2\/types\/post"}],"author":[{"embeddable":true,"href":"https:\/\/sla-basel.ch\/en\/wp-json\/wp\/v2\/users\/3"}],"replies":[{"embeddable":true,"href":"https:\/\/sla-basel.ch\/en\/wp-json\/wp\/v2\/comments?post=2906"}],"version-history":[{"count":2,"href":"https:\/\/sla-basel.ch\/en\/wp-json\/wp\/v2\/posts\/2906\/revisions"}],"predecessor-version":[{"id":13825,"href":"https:\/\/sla-basel.ch\/en\/wp-json\/wp\/v2\/posts\/2906\/revisions\/13825"}],"wp:featuredmedia":[{"embeddable":true,"href":"https:\/\/sla-basel.ch\/en\/wp-json\/wp\/v2\/media\/2907"}],"wp:attachment":[{"href":"https:\/\/sla-basel.ch\/en\/wp-json\/wp\/v2\/media?parent=2906"}],"wp:term":[{"taxonomy":"category","embeddable":true,"href":"https:\/\/sla-basel.ch\/en\/wp-json\/wp\/v2\/categories?post=2906"},{"taxonomy":"post_tag","embeddable":true,"href":"https:\/\/sla-basel.ch\/en\/wp-json\/wp\/v2\/tags?post=2906"}],"curies":[{"name":"well played","href":"https:\/\/api.w.org\/{rel}","templated":true}]}}